{"id":162725,"date":"2014-07-10T13:51:05","date_gmt":"2014-07-10T13:51:05","guid":{"rendered":"http:\/\/diariodominicano.ddns.net\/?p=162725"},"modified":"2014-07-10T13:51:05","modified_gmt":"2014-07-10T13:51:05","slug":"pared-perez-asegura-reeleccion-presidencial-solo-es-posible-modificando-la-constitucion","status":"publish","type":"post","link":"https:\/\/diariodominicano.com\/?p=162725","title":{"rendered":"Pared P\u00e9rez asegura reelecci\u00f3n presidencial s\u00f3lo es posible modificando la Constituci\u00f3n"},"content":{"rendered":"<p><body><\/p>\n<p><img decoding=\"async\" src=\"img3\/perez 10.jpg\" \/>  <\/p>\n<p>Santo Domingo RD 10 julio.- El presidente del Senado Reinaldo Pared P\u00e9rez dijo que de la \u00fanica forma que el presidente Danilo Medina puede reelegirse sometiendo una Ley mediante la cual solicite la  modificaci\u00f3n de la Constituci\u00f3n.<\/p>\n<\/p>\n<p>A\u00f1adi\u00f3 que una vez dado este paso de precisar los puntos a modificar de la Carta Magna, y posteriormente se convocar\u00eda un refer\u00e9ndum para determinar si la poblaci\u00f3n electoral aprueba o no esa reforma que estableci\u00f3 la Carta Sustantiva.   <\/p>\n<\/p>\n<p>Pared P\u00e9rez, quien adem\u00e1s es el  secretario general del Partido de la Liberaci\u00f3n Dominicano (PLD), indic\u00f3 que estos procedimientos est\u00e1n establecidos en el art\u00edculo 272 de la Constituci\u00f3n de la Rep\u00fablica.<\/p>\n<\/p>\n<p>Aclar\u00f3 que el art\u00edculo 210 de la Carta Magna establece que las consultas populares mediante el referendo estar\u00e1n regulada por una Ley que determinar\u00e1 todo lo relativo a su celebraci\u00f3n con arreglo a siguientes condiciones, primero, podr\u00e1 tratar sobre aprobaciones ni revocaciones de mandato  de ninguna autoridad electa o designada.<\/p>\n<\/p>\n<p>Mientras que el dos, establece requerir\u00e1n de previa aprobaci\u00f3n congresual con el voto de las dos terceras partes de los presentes en cada c\u00e1mara.   <\/p>\n<h6> 2014-07-10 13:51:05 <\/h6>\n<p><!--\n<link rel=\"stylesheet\" href=\"css\/bootstrap.min.css\">\n\n\n<ul class=\"pagination\">\n\t    \n\t\n\n<li >\n\t<a href='?page_no=15100'>Previous<\/a>\n\t<\/li>\n\n\n       \n    \n\n<li><a href='?page_no=1'>1<\/a><\/li>\n\n\n\n<li><a href='?page_no=2'>2<\/a><\/li>\n\n\n\n<li><a>...<\/a><\/li>\n\n\n\n<li><a href='?page_no=15099'>15099<\/a><\/li>\n\n\n\n<li><a href='?page_no=15100'>15100<\/a><\/li>\n\n\n\n<li class='active'><a>15101<\/a><\/li>\n\n\n\n<li><a href='?page_no=15102'>15102<\/a><\/li>\n\n\n\n<li><a href='?page_no=15103'>15103<\/a><\/li>\n\n\n\n<li><a>...<\/a><\/li>\n\n\n\n<li><a href='?page_no=36999'>36999<\/a><\/li>\n\n\n\n<li><a href='?page_no=37000'>37000<\/a><\/li>\n\n    \n\t\n\n<li >\n\t<a href='?page_no=15102'>Next<\/a>\n\t<\/li>\n\n\n    \n\n<li><a href='?page_no=37000'>Last &rsaquo;&rsaquo;<\/a><\/li>\n\n<\/ul>\n\n\n--><br \/>\n<\/body><\/p>\n","protected":false},"excerpt":{"rendered":"<p>Santo Domingo RD 10 julio.- El presidente del Senado Reinaldo Pared P\u00e9rez dijo que de la \u00fanica forma que el presidente Danilo Medina puede reelegirse sometiendo una Ley mediante la cual solicite la modificaci\u00f3n de la Constituci\u00f3n. A\u00f1adi\u00f3 que una vez dado este paso de precisar los puntos a modificar de la Carta Magna, y [&hellip;]<\/p>\n","protected":false},"author":3,"featured_media":0,"comment_status":"open","ping_status":"open","sticky":false,"template":"","format":"standard","meta":{"footnotes":""},"categories":[22],"tags":[],"class_list":["post-162725","post","type-post","status-publish","format-standard","hentry","category-politica"],"_links":{"self":[{"href":"https:\/\/diariodominicano.com\/index.php?rest_route=\/wp\/v2\/posts\/162725","targetHints":{"allow":["GET"]}}],"collection":[{"href":"https:\/\/diariodominicano.com\/index.php?rest_route=\/wp\/v2\/posts"}],"about":[{"href":"https:\/\/diariodominicano.com\/index.php?rest_route=\/wp\/v2\/types\/post"}],"author":[{"embeddable":true,"href":"https:\/\/diariodominicano.com\/index.php?rest_route=\/wp\/v2\/users\/3"}],"replies":[{"embeddable":true,"href":"https:\/\/diariodominicano.com\/index.php?rest_route=%2Fwp%2Fv2%2Fcomments&post=162725"}],"version-history":[{"count":0,"href":"https:\/\/diariodominicano.com\/index.php?rest_route=\/wp\/v2\/posts\/162725\/revisions"}],"wp:attachment":[{"href":"https:\/\/diariodominicano.com\/index.php?rest_route=%2Fwp%2Fv2%2Fmedia&parent=162725"}],"wp:term":[{"taxonomy":"category","embeddable":true,"href":"https:\/\/diariodominicano.com\/index.php?rest_route=%2Fwp%2Fv2%2Fcategories&post=162725"},{"taxonomy":"post_tag","embeddable":true,"href":"https:\/\/diariodominicano.com\/index.php?rest_route=%2Fwp%2Fv2%2Ftags&post=162725"}],"curies":[{"name":"wp","href":"https:\/\/api.w.org\/{rel}","templated":true}]}}