{"id":162721,"date":"2014-07-10T17:34:13","date_gmt":"2014-07-10T17:34:13","guid":{"rendered":"http:\/\/diariodominicano.ddns.net\/?p=162721"},"modified":"2014-07-10T17:34:13","modified_gmt":"2014-07-10T17:34:13","slug":"solicita-filiales-prsc-eeuu-otorgar-voto-confianza-a-quique-antun","status":"publish","type":"post","link":"https:\/\/diariodominicano.com\/?p=162721","title":{"rendered":"&#13;Solicita filiales PRSC-EEUU otorgar voto confianza a Quique Ant\u00fan"},"content":{"rendered":"<p><body><\/p>\n<p><img decoding=\"async\" src=\"img3\/reformistas.jpg\" \/>  <\/p>\n<p><span class=\"text1noticias\">Por Raldy Rodr\u00edguez<\/span><\/p>\n<p><span class=\"text1noticias\"> <\/span><\/p>\n<p><span class=\"text1noticias\">Nueva York, EE.UU. 10 de Julio.- La Direcci\u00f3n Ejecutiva del movimiento \u00abBalagueristas Siempre\u00bb en esta ciudad pidi\u00f3 a las diferentes filiales del Partido Reformista Social Cristiano (PRSC) en los Estados Unidos, otorgar un voto de confianza al presidente de la entidad, ingeniero Federico Ant\u00fan Batlle, por la forma institucional y transparente como ha conducido la organizaci\u00f3n del doctor Joaqu\u00edn Balaguer desde que asumi\u00f3 su control.<\/span><\/p>\n<p><span class=\"text1noticias\"> <\/span><\/p>\n<p><span class=\"text1noticias\">Hablando a nombre del movimiento pol\u00edtico, su presidente Ram\u00f3n Mercedes, expres\u00f3 que, hasta el momento, el presidente del PRSC viene desarrollando un trabajo encomiable a favor de la base reformista-balaguerista que estaba hu\u00e9rfana en su accionar, apoyo y participaci\u00f3n.<\/span><\/p>\n<p><span class=\"text1noticias\"> <\/span><\/p>\n<p><span class=\"text1noticias\">Ant\u00fan Batlle visitar\u00e1 en los pr\u00f3ximos d\u00edas las filiales reformistas en los Estados Unidos de Miami, Nueva York, Boston, New Jersey, Philadelphia y Washington.<\/span><\/p>\n<p><span class=\"text1noticias\"> <\/span><\/p>\n<p><span class=\"text1noticias\">\u00abComo buen reformista-balaguerista, ha dinamizado y transparentado la organizaci\u00f3n donde todo seguidor de Balaguer ahora se siente y est\u00e1 representado por el partido, con funci\u00f3n partidaria, asignaci\u00f3n y responsabilidad de trabajo a favor de la organizaci\u00f3n, lo que viene a traducirse en fortalecimiento del sistema democr\u00e1tico dominicano\u00bb, subray\u00f3 Mercedes.<\/span><\/p>\n<p><span class=\"text1noticias\"> <\/span><\/p>\n<p><span class=\"text1noticias\">\u00abPero como en la vi\u00f1a del se\u00f1or hay de todo, existen personajes reformistas que no tienen liderazgo, ni plataforma pol\u00edtica que no sea la del apadrinamiento, y hay que tener mucho cuidado con ellos porque quieren contaminar el partido con cierta persona extra partido\u00bb, alert\u00f3.<\/span><\/p>\n<p><span class=\"text1noticias\"> <\/span><\/p>\n<p><span class=\"text1noticias\">Record\u00f3 que un alto dirigente reformista cuando el ingeniero Carlos Morales Troncoso era el presidente del PRSC (6 de mayo 2013) y faltando tres a\u00f1os para las elecciones, proclam\u00f3 en un programa de televisi\u00f3n que el Partido Reformista propondr\u00eda la candidatura de la doctora Margarita Cede\u00f1o de Fern\u00e1ndez, como forma de garantizar el \u00e9xito en el 2016 de la coalici\u00f3n de entidades que ha gobernado el pa\u00eds desde el a\u00f1o 2004 e  invit\u00f3 a los dirigentes a valorar la solidez del liderazgo de Leonel Fern\u00e1ndez y la aceptaci\u00f3n popular de la vicepresidenta de la Rep\u00fablica.<\/span><\/p>\n<p><span class=\"text1noticias\"> <\/span><\/p>\n<p><span class=\"text1noticias\">El dirigente pol\u00edtico record\u00f3 lo planteado por el actual presidente del PRSC al manifestar que \u00absi no cambiamos las conductas negativas del pasado y el estilo desfasado del trabajo pol\u00edtico, no importa que integremos a los j\u00f3venes, mujeres, profesionales, amas de casas y obreros porque reproducir\u00e1n un esquema inoperante que hizo mucho da\u00f1o al reformismo, a\u00f1adiendo que el nuevo reformismo debe incluir un nuevo comienzo en las pr\u00e1cticas y en los resultados del trabajo.<\/span><\/p>\n<p><span class=\"text1noticias\"> <\/span><\/p>\n<p><span class=\"text1noticias\">Ant\u00fan Batlle explic\u00f3 que los reformistas se sienten identificados con el presidente Danilo Medina porque est\u00e1 actuando y haciendo el ejercicio de gobierno, nos identificamos mucho con lo que est\u00e1 haciendo el mandatario, parece un gobernante nacido de las entra\u00f1as del reformismo. \u00bfEn qu\u00e9 sentido? de estar cercano al pueblo, de acudir a los agricultores, escuchar a la gente todos los fines de semanas y eso lo hac\u00eda precisamente el presidente Balaguer, posici\u00f3n que todos debemos apoyar, dijo Mercedes.<\/span><\/p>\n<p><span class=\"text1noticias\"> <\/span><\/p>\n<p><span class=\"text1noticias\">\u00abEl doctor Balaguer visualizaba el Estado y el Gobierno como expresi\u00f3n inclusiva de todos los ciudadanos, y que el servicio p\u00fablico no es \u00e1mbito exclusivo de un sector partidario, y no compromete al PRSC que dirigentes de esa entidad ostenten altas posiciones en el Gobierno, porque en las administraciones reformistas, dirigentes del PLD, PRD y otros partidos ocuparon cargos en el Gobierno sin comprometer a sus respectivas organizaciones, porque el Estado es de todos ha dicho el presidente del PRSC\u00bb, agreg\u00f3 el reconocido pol\u00edtico en la urbe.<\/span><\/p>\n<p><span class=\"text1noticias\"> <\/span><\/p>\n<p><span class=\"text1noticias\">El \u00fanico senador reformista, Amable Aristy Castro, y otros l\u00edderes reformistas justifican que reformistas-balagueristas se mantengan ocupando posiciones en la administraci\u00f3n p\u00fablica, al citar tambi\u00e9n que en los gobiernos de Balaguer algunos opositores ocuparon cargos en el gobierno, lo que no afect\u00f3 su simpat\u00eda pol\u00edtica.<\/span><\/p>\n<p><span class=\"text1noticias\"> <\/span><\/p>\n<p><span class=\"text1noticias\">Mercedes reitera que Quique Ant\u00fan se merece un voto de confianza cuando visite pr\u00f3ximamente las filiales del PRSC en Estados Unidos, \u00abporque est\u00e1 trabajando con el partido, para el partido y con el partido, de manera di\u00e1fana, claramente y ha puesto el o\u00eddo en el coraz\u00f3n del pueblo\u00bb.<\/span><\/p>\n<p><span class=\"text1noticias\"> <\/span><\/p>\n<p><span class=\"text1noticias\">Entre los solicitantes figuran, aparte de Mercedes, Ram\u00f3n Reyna, Rafael Borges, Elvyn L\u00f3pez, Pedro M. Lluberes, Julio Torres, Francisco Betances, Andrea Mart\u00ednez, Emil y Mavel Flores, Rosmery Rodr\u00edguez, Elaine Espinal y Jos\u00e9 Alfonso Su\u00e1rez, entre otros.(HG)<\/span>.<\/p>\n<\/p>\n<h6> 2014-07-10 17:34:13 <\/h6>\n<p><!--\n<link rel=\"stylesheet\" href=\"css\/bootstrap.min.css\">\n\n\n<ul class=\"pagination\">\n\t    \n\t\n\n<li >\n\t<a href='?page_no=15098'>Previous<\/a>\n\t<\/li>\n\n\n       \n    \n\n<li><a href='?page_no=1'>1<\/a><\/li>\n\n\n\n<li><a href='?page_no=2'>2<\/a><\/li>\n\n\n\n<li><a>...<\/a><\/li>\n\n\n\n<li><a href='?page_no=15097'>15097<\/a><\/li>\n\n\n\n<li><a href='?page_no=15098'>15098<\/a><\/li>\n\n\n\n<li class='active'><a>15099<\/a><\/li>\n\n\n\n<li><a href='?page_no=15100'>15100<\/a><\/li>\n\n\n\n<li><a href='?page_no=15101'>15101<\/a><\/li>\n\n\n\n<li><a>...<\/a><\/li>\n\n\n\n<li><a href='?page_no=36999'>36999<\/a><\/li>\n\n\n\n<li><a href='?page_no=37000'>37000<\/a><\/li>\n\n    \n\t\n\n<li >\n\t<a href='?page_no=15100'>Next<\/a>\n\t<\/li>\n\n\n    \n\n<li><a href='?page_no=37000'>Last &rsaquo;&rsaquo;<\/a><\/li>\n\n<\/ul>\n\n\n--><br \/>\n<\/body><\/p>\n","protected":false},"excerpt":{"rendered":"<p>Por Raldy Rodr\u00edguez Nueva York, EE.UU. 10 de Julio.- La Direcci\u00f3n Ejecutiva del movimiento \u00abBalagueristas Siempre\u00bb en esta ciudad pidi\u00f3 a las diferentes filiales del Partido Reformista Social Cristiano (PRSC) en los Estados Unidos, otorgar un voto de confianza al presidente de la entidad, ingeniero Federico Ant\u00fan Batlle, por la forma institucional y transparente como [&hellip;]<\/p>\n","protected":false},"author":3,"featured_media":0,"comment_status":"open","ping_status":"open","sticky":false,"template":"","format":"standard","meta":{"footnotes":""},"categories":[22],"tags":[],"class_list":["post-162721","post","type-post","status-publish","format-standard","hentry","category-politica"],"_links":{"self":[{"href":"https:\/\/diariodominicano.com\/index.php?rest_route=\/wp\/v2\/posts\/162721","targetHints":{"allow":["GET"]}}],"collection":[{"href":"https:\/\/diariodominicano.com\/index.php?rest_route=\/wp\/v2\/posts"}],"about":[{"href":"https:\/\/diariodominicano.com\/index.php?rest_route=\/wp\/v2\/types\/post"}],"author":[{"embeddable":true,"href":"https:\/\/diariodominicano.com\/index.php?rest_route=\/wp\/v2\/users\/3"}],"replies":[{"embeddable":true,"href":"https:\/\/diariodominicano.com\/index.php?rest_route=%2Fwp%2Fv2%2Fcomments&post=162721"}],"version-history":[{"count":0,"href":"https:\/\/diariodominicano.com\/index.php?rest_route=\/wp\/v2\/posts\/162721\/revisions"}],"wp:attachment":[{"href":"https:\/\/diariodominicano.com\/index.php?rest_route=%2Fwp%2Fv2%2Fmedia&parent=162721"}],"wp:term":[{"taxonomy":"category","embeddable":true,"href":"https:\/\/diariodominicano.com\/index.php?rest_route=%2Fwp%2Fv2%2Fcategories&post=162721"},{"taxonomy":"post_tag","embeddable":true,"href":"https:\/\/diariodominicano.com\/index.php?rest_route=%2Fwp%2Fv2%2Ftags&post=162721"}],"curies":[{"name":"wp","href":"https:\/\/api.w.org\/{rel}","templated":true}]}}