{"id":162720,"date":"2014-07-10T18:02:12","date_gmt":"2014-07-10T18:02:12","guid":{"rendered":"http:\/\/diariodominicano.ddns.net\/?p=162720"},"modified":"2014-07-10T18:02:12","modified_gmt":"2014-07-10T18:02:12","slug":"montas-advierte-el-peligro-que-acecha-al-pld-es-que-se-convierta-en-agencia-electoral","status":"publish","type":"post","link":"https:\/\/diariodominicano.com\/?p=162720","title":{"rendered":"&#13;&#13;Mont\u00e1s advierte el peligro que acecha al PLD es que se convierta en agencia electoral"},"content":{"rendered":"<p><body><\/p>\n<p><img decoding=\"async\" src=\"img3\/montacinta.jpg\" \/><br \/><img decoding=\"async\" src=\"img3\/comando2.jpg\" \/>  <\/p>\n<\/p>\n<p><span class=\"text1noticias\">Santiago, RD. 10 de julio.-El mayor peligro a que se expone hoy el Partido de la Liberaci\u00f3n Dominicana (PLD) es el inter\u00e9s de algunos sectores de entronizar un caudillo que se considera el \u00fanico que puede ser Presidente de la Rep\u00fablica, afirm\u00f3 el ingeniero Tem\u00edstocles Mont\u00e1s.<\/span><\/p>\n<\/p>\n<p><span class=\"text1noticias\">El aspirante presidencial para las elecciones de 2016 llam\u00f3 a la militancia pelede\u00edsta a no permitir que un partido de larga tradici\u00f3n democr\u00e1tica se convierta en una agencia electoral al servicio de un hombre.<\/span><\/p>\n<\/p>\n<p><span class=\"text1noticias\">\u00abNo podemos permitir que el partido fundado por el profesor Juan Bosch para hacerle frente al continuismo del doctor Joaqu\u00edn Balaguer, se convierta en una agencia electoral al servicio de un hombre que se cree imprescindible e insustituible\u00bb, exclam\u00f3 Mont\u00e1s ante cientos de dirigentes del PLD reunidos la noche del mi\u00e9rcoles en Los Cerros de Gurabo, en Santiago,  durante la inauguraci\u00f3n del  Comando de Campa\u00f1a de su proyecto pol\u00edtico en esta ciudad.<\/span><\/p>\n<\/p>\n<p><span class=\"text1noticias\">El acto inaugural, celebrado en el local ubicado en la calle Jes\u00fas de Gal\u00edndez, n\u00famero 10 del indicado sector, fue abierto con palabras de Pedro Mendoza, uno de los fundadores del PLD en Santiago, quien llamo a retomar la disciplina en ese partido para que pueda conducir a la sociedad dominicana por la senda del progreso y la prosperidad.<\/span><\/p>\n<\/p>\n<p><span class=\"text1noticias\">\u00abEsa es la misi\u00f3n que le corresponde al ingeniero Mont\u00e1s\u00bb, dijo Mendoza, en un acto en el que tambi\u00e9n hicieron uso de la palabra los dirigentes locales Arismendy Santos, Coordinador de los J\u00f3venes con Temo y Dilenni Cabrera, del mismo movimiento.<\/span><\/p>\n<\/p>\n<p><span class=\"text1noticias\">Mont\u00e1s estuvo acompa\u00f1ado en la mesa principal por el diputado Dilepcio N\u00fa\u00f1ez, Radham\u00e9s Dom\u00ednguez, coordinador del proyecto pol\u00edtico en Santiago; Pedro Mendoza y Porfirio Veras (Popo), miembro del Comit\u00e9 Central del PLD, inform\u00f3 una nota de su equipo de prensa.<\/span><\/p>\n<\/p>\n<p><span class=\"text1noticias\">El precandidato presidencial record\u00f3 que si el Partido Reformista Social Cristiano (PRSC) no es hoy una fuerza pol\u00edtica determinante se debe a que por m\u00e1s de 35 a\u00f1os solo apost\u00f3 a Balaguer como \u00fanico l\u00edder, por lo que a la muerte del caudillo reformista esa organizaci\u00f3n que gobern\u00f3 durante 22 a\u00f1os no ha podido recuperar el poder porque no cre\u00f3 un sustituto a tiempo.<\/span><\/p>\n<\/p>\n<p><span class=\"text1noticias\">\u00abNuestra lucha es en defensa del car\u00e1cter democr\u00e1tico del PLD. Este no es un partido de un l\u00edder, sino una organizaci\u00f3n pol\u00edtica democr\u00e1tica integrada por l\u00edderes que conocen muy bien sus responsabilidades y nunca permitir\u00e1n que el partido de Juan Bosch sea una agencia para ayudar a quien se cree imprescindible e insustituible a ganar elecciones\u00bb, manifest\u00f3 Mont\u00e1s.<\/span><\/p>\n<\/p>\n<p><span class=\"text1noticias\">El dirigente del PLD afirm\u00f3 que cuando \u00e9l hizo su lanzamiento hace un a\u00f1o nadie hablaba del liderazgo colectivo en el partido morado, \u00abpero ya ese debate que iniciamos nosotros est\u00e1 abierto por todos lados y eso conviene a la vida democr\u00e1tica del PLD y a la vida democr\u00e1tica de la naci\u00f3n\u00bb.<\/span><\/p>\n<\/p>\n<p><span class=\"text1noticias\">Mont\u00e1s sostuvo que la alternabilidad en el ejercicio del liderazgo y del poder pol\u00edtico es la principal garant\u00eda para que la democracia funcione sobre la base del respeto a las leyes, la fortaleza de las instituciones, pues \u00abde lo contrario lo que se impone es el capricho de un caudillo que hace todo para perpetuarse en el poder arruinando al partido y debilitando las instituciones del Estado\u00bb.<\/span><\/p>\n<\/p>\n<p><span class=\"text1noticias\">Llam\u00f3 a los dirigentes de su proyecto en esta ciudad a que contin\u00faen los trabajos de captaci\u00f3n de pelede\u00edstas para ganar las primarias del PLD el pr\u00f3ximo a\u00f1o y luego conquistar las grandes mayor\u00edas nacionales para triunfar en las elecciones de 2016 y hacer un gobierno que enfrente con vigor la pobreza y la desigualdad social en Rep\u00fablica Dominicana.<\/span><\/p>\n<\/p>\n<p><span class=\"text1noticias\">En la actividad particip\u00f3 Emilio Hern\u00e1ndez, coordinador del movimiento de Coraz\u00f3n con Temo; Amaury Polanco, director del canal Teleuniverso; Javier Alm\u00e1nzar, en representaci\u00f3n de Jochy S\u00e1nchez, viceministro de Cultura; Jhovanny Leyba y Aneudy Leyba, coordinador de la Juventud, entre otros.<\/span><\/p>\n<\/p>\n<p><span class=\"text1noticias\">Al  final del acto el precandidato presidencial cort\u00f3 la cinta que dej\u00f3 formalmente inaugurado su Comando de Campa\u00f1a.<\/span><\/p>\n<\/p>\n<p><span class=\"text1noticias\">El cantante Sergio Hern\u00e1ndez enton\u00f3 la canci\u00f3n \u00abYa lo pasado, pasado\u00bb, que fue definida por Mont\u00e1s durante su discurso como un himno.<\/span><\/p>\n<h6> 2014-07-10 18:02:12 <\/h6>\n<p><!--\n<link rel=\"stylesheet\" href=\"css\/bootstrap.min.css\">\n\n\n<ul class=\"pagination\">\n\t    \n\t\n\n<li >\n\t<a href='?page_no=15097'>Previous<\/a>\n\t<\/li>\n\n\n       \n    \n\n<li><a href='?page_no=1'>1<\/a><\/li>\n\n\n\n<li><a href='?page_no=2'>2<\/a><\/li>\n\n\n\n<li><a>...<\/a><\/li>\n\n\n\n<li><a href='?page_no=15096'>15096<\/a><\/li>\n\n\n\n<li><a href='?page_no=15097'>15097<\/a><\/li>\n\n\n\n<li class='active'><a>15098<\/a><\/li>\n\n\n\n<li><a href='?page_no=15099'>15099<\/a><\/li>\n\n\n\n<li><a href='?page_no=15100'>15100<\/a><\/li>\n\n\n\n<li><a>...<\/a><\/li>\n\n\n\n<li><a href='?page_no=36999'>36999<\/a><\/li>\n\n\n\n<li><a href='?page_no=37000'>37000<\/a><\/li>\n\n    \n\t\n\n<li >\n\t<a href='?page_no=15099'>Next<\/a>\n\t<\/li>\n\n\n    \n\n<li><a href='?page_no=37000'>Last &rsaquo;&rsaquo;<\/a><\/li>\n\n<\/ul>\n\n\n--><br \/>\n<\/body><\/p>\n","protected":false},"excerpt":{"rendered":"<p>Santiago, RD. 10 de julio.-El mayor peligro a que se expone hoy el Partido de la Liberaci\u00f3n Dominicana (PLD) es el inter\u00e9s de algunos sectores de entronizar un caudillo que se considera el \u00fanico que puede ser Presidente de la Rep\u00fablica, afirm\u00f3 el ingeniero Tem\u00edstocles Mont\u00e1s. El aspirante presidencial para las elecciones de 2016 llam\u00f3 [&hellip;]<\/p>\n","protected":false},"author":3,"featured_media":0,"comment_status":"open","ping_status":"open","sticky":false,"template":"","format":"standard","meta":{"footnotes":""},"categories":[22],"tags":[],"class_list":["post-162720","post","type-post","status-publish","format-standard","hentry","category-politica"],"_links":{"self":[{"href":"https:\/\/diariodominicano.com\/index.php?rest_route=\/wp\/v2\/posts\/162720","targetHints":{"allow":["GET"]}}],"collection":[{"href":"https:\/\/diariodominicano.com\/index.php?rest_route=\/wp\/v2\/posts"}],"about":[{"href":"https:\/\/diariodominicano.com\/index.php?rest_route=\/wp\/v2\/types\/post"}],"author":[{"embeddable":true,"href":"https:\/\/diariodominicano.com\/index.php?rest_route=\/wp\/v2\/users\/3"}],"replies":[{"embeddable":true,"href":"https:\/\/diariodominicano.com\/index.php?rest_route=%2Fwp%2Fv2%2Fcomments&post=162720"}],"version-history":[{"count":0,"href":"https:\/\/diariodominicano.com\/index.php?rest_route=\/wp\/v2\/posts\/162720\/revisions"}],"wp:attachment":[{"href":"https:\/\/diariodominicano.com\/index.php?rest_route=%2Fwp%2Fv2%2Fmedia&parent=162720"}],"wp:term":[{"taxonomy":"category","embeddable":true,"href":"https:\/\/diariodominicano.com\/index.php?rest_route=%2Fwp%2Fv2%2Fcategories&post=162720"},{"taxonomy":"post_tag","embeddable":true,"href":"https:\/\/diariodominicano.com\/index.php?rest_route=%2Fwp%2Fv2%2Ftags&post=162720"}],"curies":[{"name":"wp","href":"https:\/\/api.w.org\/{rel}","templated":true}]}}