{"id":162719,"date":"2014-07-10T18:29:28","date_gmt":"2014-07-10T18:29:28","guid":{"rendered":"http:\/\/diariodominicano.ddns.net\/?p=162719"},"modified":"2014-07-10T18:29:28","modified_gmt":"2014-07-10T18:29:28","slug":"comisiones-designadas-por-el-cp-del-pld-recopilan-documentaciones-para-redactar-normativas","status":"publish","type":"post","link":"https:\/\/diariodominicano.com\/?p=162719","title":{"rendered":"&#13;&#13;&#13;Comisiones designadas por el CP del PLD recopilan documentaciones para redactar normativas&#13;"},"content":{"rendered":"<p><body><\/p>\n<p><img decoding=\"async\" src=\"img3\/comision.jpg\" \/>  <\/p>\n<\/p>\n<p><span class=\"text1noticias\">Santo Domingo, RD, 10 de julio.- Las diferentes comisiones designadas el pasado lunes por el Comit\u00e9 Pol\u00edtico del Partido de la Liberaci\u00f3n Dominicana ha comenzado a constituirse y convocado a sus integrantes a reuniones esta misma semana y la entrante.<\/span><\/p>\n<p><span class=\"text1noticias\"> <\/span><\/p>\n<p><span class=\"text1noticias\">Asimismo los coordinadores y coordinadoras de las mismas procuran en el departamento de documentaci\u00f3n de la Casa Nacional del PLD anteriores documentos que servir\u00e1n  de referencia para redactar las normativas y reglamentos encomendados.<\/span><\/p>\n<p><span class=\"text1noticias\"> <\/span><\/p>\n<p><span class=\"text1noticias\">Siete comisiones se designaron para Modificar el Reglamento del Comit\u00e9 Central,  para el Reglamento de Funcionamiento de   la Unidad de Fiscalizaci\u00f3n y Control, para Adecuar el Reglamento de Funcionamiento de los Secretariados, tambi\u00e9n para elaborar el Reglamento para el Funcionamiento del Tribunal de Disciplina y \u00c9tica, para redactar la normativa a seguir para la elecci\u00f3n org\u00e1nica y multiplicaci\u00f3n de los organismos   y una comisi\u00f3n para definir las normas para revisar el Padr\u00f3n de Miembros del PLD.<\/span><\/p>\n<p><span class=\"text1noticias\"> <\/span><\/p>\n<p><span class=\"text1noticias\">En el encuentro del organismo de direcci\u00f3n del PLD se dio mandato a la Comisi\u00f3n Organizadora del VIII Congreso Ordinario Comandante Norge Botello junto a Franklin Almeyda y Felucho Jim\u00e9nez para presentar una propuesta de los miembros del Comit\u00e9 Pol\u00edtico y del Comit\u00e9 Central,  servir\u00e1n de enlaces a los organismos municipales en todo el pa\u00eds.<\/span><\/p>\n<p><span class=\"text1noticias\"> <\/span><\/p>\n<p><span class=\"text1noticias\">En los portales del PLD en la web se han colocado los integrantes de las comisiones formadas, mientras se le informa por la v\u00eda institucional de su integraci\u00f3n para que se trabajen los diferentes temas.<\/span><\/p>\n<p><span class=\"text1noticias\"> <\/span><\/p>\n<p><span class=\"text1noticias\">A las comisiones que se designaron para dar seguimiento a las conclusiones del Congreso del PLD y las que se nombraron para preparar normativas y reglamentos internos,  se le otorg\u00f3 un plazo de 30 d\u00edas para presentar el encargo encomendado al Comit\u00e9 Pol\u00edtico. <\/span><\/p>\n<h6> 2014-07-10 18:29:28 <\/h6>\n<p><!--\n<link rel=\"stylesheet\" href=\"css\/bootstrap.min.css\">\n\n\n<ul class=\"pagination\">\n\t    \n\t\n\n<li >\n\t<a href='?page_no=15096'>Previous<\/a>\n\t<\/li>\n\n\n       \n    \n\n<li><a href='?page_no=1'>1<\/a><\/li>\n\n\n\n<li><a href='?page_no=2'>2<\/a><\/li>\n\n\n\n<li><a>...<\/a><\/li>\n\n\n\n<li><a href='?page_no=15095'>15095<\/a><\/li>\n\n\n\n<li><a href='?page_no=15096'>15096<\/a><\/li>\n\n\n\n<li class='active'><a>15097<\/a><\/li>\n\n\n\n<li><a href='?page_no=15098'>15098<\/a><\/li>\n\n\n\n<li><a href='?page_no=15099'>15099<\/a><\/li>\n\n\n\n<li><a>...<\/a><\/li>\n\n\n\n<li><a href='?page_no=36999'>36999<\/a><\/li>\n\n\n\n<li><a href='?page_no=37000'>37000<\/a><\/li>\n\n    \n\t\n\n<li >\n\t<a href='?page_no=15098'>Next<\/a>\n\t<\/li>\n\n\n    \n\n<li><a href='?page_no=37000'>Last &rsaquo;&rsaquo;<\/a><\/li>\n\n<\/ul>\n\n\n--><br \/>\n<\/body><\/p>\n","protected":false},"excerpt":{"rendered":"<p>Santo Domingo, RD, 10 de julio.- Las diferentes comisiones designadas el pasado lunes por el Comit\u00e9 Pol\u00edtico del Partido de la Liberaci\u00f3n Dominicana ha comenzado a constituirse y convocado a sus integrantes a reuniones esta misma semana y la entrante. Asimismo los coordinadores y coordinadoras de las mismas procuran en el departamento de documentaci\u00f3n de [&hellip;]<\/p>\n","protected":false},"author":3,"featured_media":0,"comment_status":"open","ping_status":"open","sticky":false,"template":"","format":"standard","meta":{"footnotes":""},"categories":[22],"tags":[],"class_list":["post-162719","post","type-post","status-publish","format-standard","hentry","category-politica"],"_links":{"self":[{"href":"https:\/\/diariodominicano.com\/index.php?rest_route=\/wp\/v2\/posts\/162719","targetHints":{"allow":["GET"]}}],"collection":[{"href":"https:\/\/diariodominicano.com\/index.php?rest_route=\/wp\/v2\/posts"}],"about":[{"href":"https:\/\/diariodominicano.com\/index.php?rest_route=\/wp\/v2\/types\/post"}],"author":[{"embeddable":true,"href":"https:\/\/diariodominicano.com\/index.php?rest_route=\/wp\/v2\/users\/3"}],"replies":[{"embeddable":true,"href":"https:\/\/diariodominicano.com\/index.php?rest_route=%2Fwp%2Fv2%2Fcomments&post=162719"}],"version-history":[{"count":0,"href":"https:\/\/diariodominicano.com\/index.php?rest_route=\/wp\/v2\/posts\/162719\/revisions"}],"wp:attachment":[{"href":"https:\/\/diariodominicano.com\/index.php?rest_route=%2Fwp%2Fv2%2Fmedia&parent=162719"}],"wp:term":[{"taxonomy":"category","embeddable":true,"href":"https:\/\/diariodominicano.com\/index.php?rest_route=%2Fwp%2Fv2%2Fcategories&post=162719"},{"taxonomy":"post_tag","embeddable":true,"href":"https:\/\/diariodominicano.com\/index.php?rest_route=%2Fwp%2Fv2%2Ftags&post=162719"}],"curies":[{"name":"wp","href":"https:\/\/api.w.org\/{rel}","templated":true}]}}