{"id":162718,"date":"2014-07-10T19:04:01","date_gmt":"2014-07-10T19:04:01","guid":{"rendered":"http:\/\/diariodominicano.ddns.net\/?p=162718"},"modified":"2014-07-10T19:04:01","modified_gmt":"2014-07-10T19:04:01","slug":"raul-mondesi-conforma-cuadros-dirigenciales-trabajaran-por-su-candidatura-a-la-senaduria-de-san-cristobal-por-el-pld","status":"publish","type":"post","link":"https:\/\/diariodominicano.com\/?p=162718","title":{"rendered":"&#13;Ra\u00fal Mondes\u00ed conforma cuadros dirigenciales trabajar\u00e1n por su candidatura a la Senadur\u00eda de San Crist\u00f3bal por el PLD&#13;"},"content":{"rendered":"<p><body><\/p>\n<p><img decoding=\"async\" src=\"img3\/MONDESI, RAUL.JPG\" \/>  <\/p>\n<\/p>\n<\/p>\n<p><span class=\"text1noticias\">San Cristobal.- El ex pelotero de Grandes Ligas, Ra\u00fal Mondes\u00ed, conform\u00f3 los equipos dirigenciales que trabajar\u00e1n en cada rinc\u00f3n de esta provincia con miras a sus aspiraciones a la Senadur\u00eda por el Partido de la Liberaci\u00f3n Dominicana (PLD).<\/span><\/p>\n<\/p>\n<p><span class=\"text1noticias\">En el marco de una concurrida reuni\u00f3n, Mondes\u00ed explic\u00f3 que ya fueron escogidos los cuadros que dirigir\u00e1n su campa\u00f1a interna en busca de la candidatura a la C\u00e1mara Alta para las elecciones congresuales y muncipales, pautadas para febrero del a\u00f1o 2016.<\/span><\/p>\n<\/p>\n<p><span class=\"text1noticias\">Durante el encuentro participaron connotados dirigentes pelede\u00edstas, comunitarios y ex activistas de los Partidos Revolucionario Dominicano (PRD) y Reformista Social Cristiano (PRSC).<\/span><\/p>\n<\/p>\n<p><span class=\"text1noticias\">Asimismo, miembros de comit\u00e9s intermedios del PLD de los municipios que conforman la provincia de San Crist\u00f3bal.<\/span><\/p>\n<\/p>\n<p><span class=\"text1noticias\">\u00abEstamos aqu\u00ed, en la conformaci\u00f3n de nuestros equipos dirigenciales, los que trabajar\u00e1n desde ahora para obtener, primero, la candidatura y luego ganar de manera abrumadora la Senadur\u00eda para el Partido de la Liberaci\u00f3n Dominicana\u00bb, sostuvo el tambi\u00e9n Alcalde de San Crist\u00f3bal.<\/span><\/p>\n<\/p>\n<p><span class=\"text1noticias\">Y a seguidas agreg\u00f3: \u00abEste es un paso de avance para seguir adelante y darle nuevamente el triunfo al PLD en nuestra provincia\u00bb.<\/span><\/p>\n<\/p>\n<p><span class=\"text1noticias\">En la reuni\u00f3n se encontraban presentes los cuadros dirigenciales que trabajar\u00e1n en los municipios de Villa Altagracia, Haina, Nigua, Yaguate, Cambita Garabitos, Los Cacaos y San Crist\u00f3bal, as\u00ed como los principales dirigentes del movimiento pol\u00edtico Primero Mi Pueblo.<\/span><\/p>\n<h6> 2014-07-10 19:04:01 <\/h6>\n<p><!--\n<link rel=\"stylesheet\" href=\"css\/bootstrap.min.css\">\n\n\n<ul class=\"pagination\">\n\t    \n\t\n\n<li >\n\t<a href='?page_no=15095'>Previous<\/a>\n\t<\/li>\n\n\n       \n    \n\n<li><a href='?page_no=1'>1<\/a><\/li>\n\n\n\n<li><a href='?page_no=2'>2<\/a><\/li>\n\n\n\n<li><a>...<\/a><\/li>\n\n\n\n<li><a href='?page_no=15094'>15094<\/a><\/li>\n\n\n\n<li><a href='?page_no=15095'>15095<\/a><\/li>\n\n\n\n<li class='active'><a>15096<\/a><\/li>\n\n\n\n<li><a href='?page_no=15097'>15097<\/a><\/li>\n\n\n\n<li><a href='?page_no=15098'>15098<\/a><\/li>\n\n\n\n<li><a>...<\/a><\/li>\n\n\n\n<li><a href='?page_no=36999'>36999<\/a><\/li>\n\n\n\n<li><a href='?page_no=37000'>37000<\/a><\/li>\n\n    \n\t\n\n<li >\n\t<a href='?page_no=15097'>Next<\/a>\n\t<\/li>\n\n\n    \n\n<li><a href='?page_no=37000'>Last &rsaquo;&rsaquo;<\/a><\/li>\n\n<\/ul>\n\n\n--><br \/>\n<\/body><\/p>\n","protected":false},"excerpt":{"rendered":"<p>San Cristobal.- El ex pelotero de Grandes Ligas, Ra\u00fal Mondes\u00ed, conform\u00f3 los equipos dirigenciales que trabajar\u00e1n en cada rinc\u00f3n de esta provincia con miras a sus aspiraciones a la Senadur\u00eda por el Partido de la Liberaci\u00f3n Dominicana (PLD). En el marco de una concurrida reuni\u00f3n, Mondes\u00ed explic\u00f3 que ya fueron escogidos los cuadros que dirigir\u00e1n [&hellip;]<\/p>\n","protected":false},"author":3,"featured_media":0,"comment_status":"open","ping_status":"open","sticky":false,"template":"","format":"standard","meta":{"footnotes":""},"categories":[22],"tags":[],"class_list":["post-162718","post","type-post","status-publish","format-standard","hentry","category-politica"],"_links":{"self":[{"href":"https:\/\/diariodominicano.com\/index.php?rest_route=\/wp\/v2\/posts\/162718","targetHints":{"allow":["GET"]}}],"collection":[{"href":"https:\/\/diariodominicano.com\/index.php?rest_route=\/wp\/v2\/posts"}],"about":[{"href":"https:\/\/diariodominicano.com\/index.php?rest_route=\/wp\/v2\/types\/post"}],"author":[{"embeddable":true,"href":"https:\/\/diariodominicano.com\/index.php?rest_route=\/wp\/v2\/users\/3"}],"replies":[{"embeddable":true,"href":"https:\/\/diariodominicano.com\/index.php?rest_route=%2Fwp%2Fv2%2Fcomments&post=162718"}],"version-history":[{"count":0,"href":"https:\/\/diariodominicano.com\/index.php?rest_route=\/wp\/v2\/posts\/162718\/revisions"}],"wp:attachment":[{"href":"https:\/\/diariodominicano.com\/index.php?rest_route=%2Fwp%2Fv2%2Fmedia&parent=162718"}],"wp:term":[{"taxonomy":"category","embeddable":true,"href":"https:\/\/diariodominicano.com\/index.php?rest_route=%2Fwp%2Fv2%2Fcategories&post=162718"},{"taxonomy":"post_tag","embeddable":true,"href":"https:\/\/diariodominicano.com\/index.php?rest_route=%2Fwp%2Fv2%2Ftags&post=162718"}],"curies":[{"name":"wp","href":"https:\/\/api.w.org\/{rel}","templated":true}]}}