{"id":162717,"date":"2014-07-10T22:42:48","date_gmt":"2014-07-10T22:42:48","guid":{"rendered":"http:\/\/diariodominicano.ddns.net\/?p=162717"},"modified":"2014-07-10T22:42:48","modified_gmt":"2014-07-10T22:42:48","slug":"reinaldo-pared-perez-anuncia-el-16-agosto-concluye-su-gestion-como-presidente-del-senado","status":"publish","type":"post","link":"https:\/\/diariodominicano.com\/?p=162717","title":{"rendered":"&#13;Reinaldo Pared P\u00e9rez anuncia  el 16 agosto concluye su gesti\u00f3n como presidente del Senado"},"content":{"rendered":"<p><body><\/p>\n<p><img decoding=\"async\" src=\"img3\/pared.jpg\" \/>  <\/p>\n<p><span class=\"text1noticias\">Santo Domingo, RD, 10 de Julio.- Reinaldo Pared P\u00e9rez, Secretario General del Partido de la Liberaci\u00f3n Dominicana (PLD),  y a prop\u00f3sito de la cercan\u00eda de la fecha de renovaci\u00f3n de los bufetes directivos del congreso nacional, anunci\u00f3  su decisi\u00f3n  de no aceptar una nueva postulaci\u00f3n  para desempe\u00f1ar la Presidencia del Senado de la Rep\u00fablica.<\/span><\/p>\n<p><span class=\"text1noticias\"> <\/span><\/p>\n<p><span class=\"text1noticias\">En conferencia de prensa realizada en el despacho de la Presidencia del Senado,  Pared P\u00e9rez  se manifest\u00f3 agradecido del respaldo que le brindaron a su gesti\u00f3n el  ex presidente Leonel Fern\u00e1ndez , el  presidente Danilo  Medina  y  la confianza y el respaldo de la direcci\u00f3n del PLD  as\u00ed como  de  los senadores y senadoras y del personal, sin  distinci\u00f3n,  de la c\u00e1mara alta   <\/span><\/p>\n<p><span class=\"text1noticias\"> <\/span><\/p>\n<p><span class=\"text1noticias\">\u00abHasta el 16 de agosto del presente a\u00f1o, si Dios lo permite, estar\u00e9 ejerciendo esas relevantes funciones, por efecto del expreso mandato y la confianza depositada en nosotros , por el Comit\u00e9 Pol\u00edtico del Partido de la Liberaci\u00f3n Dominicana en primer termino , y luego por los colegas senadores y senadoras que nos han acompa\u00f1ado en ese trayecto legislativo de ocho a\u00f1os\u00bb sostiene Reinaldo Pared P\u00e9rez , en un documento de cinco paginas que ley\u00f3 integr\u00f3 a los medios de comunicaci\u00f3n que formalmente fueron convocados al edificio del Congreso,<\/span><\/p>\n<p><span class=\"text1noticias\"> <\/span><\/p>\n<p><span class=\"text1noticias\">El secretario general del PLD y senador del Distrito Nacional ocupa la presidencia del Senado desde el 16 de agosto de 2006 por  mandato y la confianza depositada en \u00e9l por el Comit\u00e9 Pol\u00edtico del PLD, quien con potestad estatutaria propuso durante ocho a\u00f1os al plenario de senadores y senadoras su persona para ocupar la presidencia de la c\u00e1mara alta.<\/span><\/p>\n<p><span class=\"text1noticias\"> <\/span><\/p>\n<p><span class=\"text1noticias\">Manifest\u00f3 en el documento, que desde el primer momento,    tanto el Senado de la Rep\u00fablica como la C\u00e1mara de Diputados, dirigidos por el PLD,  han desplegado y llevado a cabo un intenso, consistente y eficaz trabajo legislativo que ha permitido y posibilitado  que el pa\u00eds pueda disponer en estos momentos de un moderno, actualizado y extraordinario conjunto de leyes que han contribuido a que la naci\u00f3n haya ido avanzando por caminos de progreso y desarrollo.<\/span><\/p>\n<p><span class=\"text1noticias\"> <\/span><\/p>\n<p><span class=\"text1noticias\">Explic\u00f3  en ese orden que como presidente de la Asamblea Nacional,  tuvo el hist\u00f3rico y honroso encargo de dirigir los trabajos de la misma durante todo el 2009, que concluyeron en la proclamaci\u00f3n de la actual Constituci\u00f3n, el 26 de enero de 2010, adem\u00e1s de que \u00abme correspondi\u00f3 el distinguido y preciado honor de tomarle y recibirle el juramento como Presidente de la Rep\u00fablica al doctor Leonel Fern\u00e1ndez , en el 2008, y al licenciado Danilo Medina S\u00e1nchez, en el 2012\u00bb.<\/span><\/p>\n<p><span class=\"text1noticias\"> <\/span><\/p>\n<p><span class=\"text1noticias\">Con un \u00abGracias del Alma\u00bb Reinaldo Pared P\u00e9rez manifest\u00f3 su agradecimiento tambi\u00e9n a diputados y diputadas, a los representantes de los medios de comunicaci\u00f3n, al personal del Senado de la Republica y a los electores y electoras del Distrito  Nacional que le favorecieron con su voto.<\/span><\/p>\n<p><span class=\"text1noticias\"> <\/span><\/p>\n<p><span class=\"text1noticias\">\u00abLe comunico de manera categ\u00f3rica y determinante a la naci\u00f3n, al PLD y a mis colegas senadores y senadoras que no acepto una nueva presentaci\u00f3n para desempe\u00f1ar la Presidencia del Senado de la Republica\u00bb  apunta  para de inmediato confirmar que se dedicar\u00e1 a promover su propuesta de convertirse en el candidato presidencial del Partido de la Liberaci\u00f3n Dominicana.<\/span><\/p>\n<\/p>\n<h6> 2014-07-10 22:42:48 <\/h6>\n<p><!--\n<link rel=\"stylesheet\" href=\"css\/bootstrap.min.css\">\n\n\n<ul class=\"pagination\">\n\t    \n\t\n\n<li >\n\t<a href='?page_no=15094'>Previous<\/a>\n\t<\/li>\n\n\n       \n    \n\n<li><a href='?page_no=1'>1<\/a><\/li>\n\n\n\n<li><a href='?page_no=2'>2<\/a><\/li>\n\n\n\n<li><a>...<\/a><\/li>\n\n\n\n<li><a href='?page_no=15093'>15093<\/a><\/li>\n\n\n\n<li><a href='?page_no=15094'>15094<\/a><\/li>\n\n\n\n<li class='active'><a>15095<\/a><\/li>\n\n\n\n<li><a href='?page_no=15096'>15096<\/a><\/li>\n\n\n\n<li><a href='?page_no=15097'>15097<\/a><\/li>\n\n\n\n<li><a>...<\/a><\/li>\n\n\n\n<li><a href='?page_no=36999'>36999<\/a><\/li>\n\n\n\n<li><a href='?page_no=37000'>37000<\/a><\/li>\n\n    \n\t\n\n<li >\n\t<a href='?page_no=15096'>Next<\/a>\n\t<\/li>\n\n\n    \n\n<li><a href='?page_no=37000'>Last &rsaquo;&rsaquo;<\/a><\/li>\n\n<\/ul>\n\n\n--><br \/>\n<\/body><\/p>\n","protected":false},"excerpt":{"rendered":"<p>Santo Domingo, RD, 10 de Julio.- Reinaldo Pared P\u00e9rez, Secretario General del Partido de la Liberaci\u00f3n Dominicana (PLD), y a prop\u00f3sito de la cercan\u00eda de la fecha de renovaci\u00f3n de los bufetes directivos del congreso nacional, anunci\u00f3 su decisi\u00f3n de no aceptar una nueva postulaci\u00f3n para desempe\u00f1ar la Presidencia del Senado de la Rep\u00fablica. En [&hellip;]<\/p>\n","protected":false},"author":3,"featured_media":0,"comment_status":"open","ping_status":"open","sticky":false,"template":"","format":"standard","meta":{"footnotes":""},"categories":[22],"tags":[],"class_list":["post-162717","post","type-post","status-publish","format-standard","hentry","category-politica"],"_links":{"self":[{"href":"https:\/\/diariodominicano.com\/index.php?rest_route=\/wp\/v2\/posts\/162717","targetHints":{"allow":["GET"]}}],"collection":[{"href":"https:\/\/diariodominicano.com\/index.php?rest_route=\/wp\/v2\/posts"}],"about":[{"href":"https:\/\/diariodominicano.com\/index.php?rest_route=\/wp\/v2\/types\/post"}],"author":[{"embeddable":true,"href":"https:\/\/diariodominicano.com\/index.php?rest_route=\/wp\/v2\/users\/3"}],"replies":[{"embeddable":true,"href":"https:\/\/diariodominicano.com\/index.php?rest_route=%2Fwp%2Fv2%2Fcomments&post=162717"}],"version-history":[{"count":0,"href":"https:\/\/diariodominicano.com\/index.php?rest_route=\/wp\/v2\/posts\/162717\/revisions"}],"wp:attachment":[{"href":"https:\/\/diariodominicano.com\/index.php?rest_route=%2Fwp%2Fv2%2Fmedia&parent=162717"}],"wp:term":[{"taxonomy":"category","embeddable":true,"href":"https:\/\/diariodominicano.com\/index.php?rest_route=%2Fwp%2Fv2%2Fcategories&post=162717"},{"taxonomy":"post_tag","embeddable":true,"href":"https:\/\/diariodominicano.com\/index.php?rest_route=%2Fwp%2Fv2%2Ftags&post=162717"}],"curies":[{"name":"wp","href":"https:\/\/api.w.org\/{rel}","templated":true}]}}