{"id":162715,"date":"2014-07-11T00:24:22","date_gmt":"2014-07-11T00:24:22","guid":{"rendered":"http:\/\/diariodominicano.ddns.net\/?p=162715"},"modified":"2014-07-11T00:24:22","modified_gmt":"2014-07-11T00:24:22","slug":"porque-el-comite-politico-del-pld-anulo-la-directiva-de-europa-central-3","status":"publish","type":"post","link":"https:\/\/diariodominicano.com\/?p=162715","title":{"rendered":"Porqu\u00e9 el Comit\u00e9 Pol\u00edtico del PLD anul\u00f3  la directiva de Europa Central"},"content":{"rendered":"<p><body><\/p>\n<p><img decoding=\"async\" src=\"img3\/Rafael hernandez10072014.jpg\" \/>  <\/p>\n<p><span class=\"text1noticias\">                                                      <\/span><\/p>\n<p><span class=\"text1noticias\"><strong>Por:  Rafael Hernandez<\/strong><\/span><\/p>\n<\/p>\n<p><span class=\"text1noticias\">Dice un viejo refr\u00e1n que lo que mal comienza mal acaba. En efecto, asi de mal, comenzo la asamblea eleccionaria realizada en Paris el pasado sabado. En realidad, el Comit\u00e9 Pol\u00edtico en la reunion del lunes dispuso la anulaci\u00f3n de la directiva provisional de la regional de Europa Central. Los miembros del partido que se pusieron de acuerdo con el prop\u00f3sito de elegirse ellos mismos, terminaron con la cara larga y su liderazgo pol\u00edtico en cuestionamiento.<\/span><\/p>\n<\/p>\n<p><span class=\"text1noticias\"> Con su mal proceder, se llevaron de paro los m\u00e9todos de trabajos del partido, la base te\u00f3rica en la que descansan los m\u00e9todos, violaron la disciplina partidaria, y sobre todo, violaron el articulo N\u00b0 8 de la Linea Organizativa, el cual dice lo siguiente:<\/span><\/p>\n<\/p>\n<p><strong> <\/strong><\/p>\n<p><strong><span class=\"text1noticias\">8. SOBRE LA FORMA DE ELECCI\u00d3N DE LAS ESTRUCTURAS INTERNAS<\/span><\/strong><\/p>\n<\/p>\n<p><span class=\"text1noticias\">Los Presidentes y los Secretarios Generales de las Direcciones de Provincias, Circunscripciones Electorales, Municipios, de Distritos Municipales, de Bloques de Comit\u00e9s Intermedios, de Comit\u00e9s Intermedios y de las Seccionales, tales como Presidentes de Seccionales Estatales, de Seccionales, de Seccionales Regionales, de Condados, de Distritos Seccionales, ser\u00e1n elegidos mediante el voto universal, individual y secreto de la mayor\u00eda simple de los miembros del Partido que hayan sufragado v\u00e1lidamente, en cada una de sus respectivas demarcaciones.<\/span><\/p>\n<\/p>\n<p><span class=\"text1noticias\"> Al desacatar la advertencia que le hiciera el miembro del Comit\u00e9 Pol\u00edtico y titular de la Secretaria del Dominicano en el Exterior, de que se abstuvieran de formar la Direcci\u00f3n Regional hasta que la direcci\u00f3n del partido la convocara, los dirigentes europeos , irrespetaron la orden de un miembro del Comit\u00e9 Pol\u00edtico, violando as\u00ed la disciplina interna.<\/span><\/p>\n<\/p>\n<p><span class=\"text1noticias\">Es penoso saber que dirigentes de nivel Seccional ignoran  que la figura, \u00abDirecci\u00f3n Provisional,\u00bb no existe como estructura en el PLD. La  elecci\u00f3n de una direcci\u00f3n \u00abregional provisional\u00bb demuestra de forma palmaria que desconocen como funcionan las estructuras del PLD. <\/span><\/p>\n<\/p>\n<p><span class=\"text1noticias\">El montaje, direcci\u00f3n y supervisi\u00f3n de una actividad como \u00e9sa, es \u00abpotestad absoluta\u00bb de la direcci\u00f3n del partido. En efecto, el Comit\u00e9 Pol\u00edtico a trav\u00e9s de la Comisi\u00f3n Nacional Electoral, en este caso, o de la Secretaria de Organizaci\u00f3n, es quien designa la comisi\u00f3n de dos \u00f3 tres personas para dirigir y supervisar el proceso.<\/span><\/p>\n<\/p>\n<p><span class=\"text1noticias\">Es tanto as\u00ed, que \u00e9sa comisi\u00f3n debe llevar consigo los materiales que se van a usar en esa elecci\u00f3n, entre los cuales tiene que estar el instructivo conteniendo la metodolog\u00eda que se va aplicar en dicho evento. Pero resulta y viene a ser, que hicieron la elecci\u00f3n entre ellos mismos. Esto es, ellos mismos se convocaron, ellos mismos la montaron, ellos mismos la dirigieron, ellos mismos la supervisaron, y la parte mas amena fue, que ellos mismos se eligieron. <\/span><\/p>\n<\/p>\n<p><span class=\"text1noticias\">De manera que, la elecci\u00f3n se realizo en ausencia del centralismo democr\u00e1tico, del reglamento parlamentario, del instructivo para elecciones. Mecanismos sin los cuales no se garantizan unas elecciones, di\u00e1fanas, transparentes, justas y democr\u00e1ticas.<\/span><\/p>\n<\/p>\n<p><span class=\"text1noticias\">Ning\u00fan comit\u00e9 de base, intermedio, municipal, seccional o regional, tiene autoridad para designar enlace entre organismos y el Comit\u00e9 Pol\u00edtico. La designaci\u00f3n de enlaces, en este caso de miembros del Comit\u00e9 Central para enlazar organismos, es potestad del Comit\u00e9 Pol\u00edtico. Adem\u00e1s, es un solo enlace que se designa, no dos ni cuatro enlaces como hicieron ellos, que designaron cuatro miembros del CC como  enlaces de la Directiva.<\/span><\/p>\n<\/p>\n<p><span class=\"text1noticias\">Es tal el desconocimiento que tienen de los m\u00e9todos de trabajos, que cometieron el absurdo de elegir miembro de la Directiva a un compa\u00f1ero que  en el momento de la elecciones se encuentra fuera de Europa. Una persona que no este presente en una reuni\u00f3n donde se va a elegir algo o a alguien; no puede ser elegido.<\/span><\/p>\n<\/p>\n<p><span class=\"text1noticias\">El PLD se dio unos estatutos, unos m\u00e9todos de trabajo. Con mucho esfuerzo y sacrificio el partido desarroll\u00f3 su disciplina, y esos mecanismos de trabajo constituyen la m\u00edstica peledeista. Y el conjunto de todo eso, junto a la m\u00edstica, son los pilares donde descansa el Boschismo. <\/span><\/p>\n<\/p>\n<p><span class=\"text1noticias\">Esos m\u00e9todos, esa disciplina y esa m\u00edstica se crearon, para que todos los miembros y militantes, especialmente los que se hacen llamar dirigentes y l\u00edderes, los estudien, los analicen, los aprendan y los pongan en practica en el PLD.<\/span><\/p>\n<\/p>\n<p><span class=\"text1noticias\">De todas formas, no todo fue negativo en la elecci\u00f3n de la Directiva. La anulaci\u00f3n les dio una lecci\u00f3n: Que para que el Comit\u00e9 Pol\u00edtico no les anule ninguna decisi\u00f3n futura, deben hacer las actividades apegadas a los m\u00e9todos de trabajo del partido. Y que cuando un organismo superior les dice que no a la pretensi\u00f3n de hacer alguna actividad org\u00e1nica, tienen que acatarlo. <\/span><\/p>\n<\/p>\n<p><span class=\"text1noticias\"> Que solo estudiando los m\u00e9todos de trabajos, el centralismo democr\u00e1tico, el reglamento parlamentario, la base te\u00f3rica, y manteniendo la disciplina interna podemos hacer nuestras actividades sin ser sancionados.<\/span><\/p>\n<\/p>\n<p><span class=\"text1noticias\">Porque cuando un organismo superior anula una medida tomada por otro organismo. De forma inmediata, los dirigentes del organismo afectado, quedan desautorizados como l\u00edderes y como dirigentes ante las bases que le siguen. En tal virtud, las bases que los ve\u00edan como l\u00edderes, les van perdiendo el respeto en t\u00e9rminos pol\u00edticos. Y para un pol\u00edtico eso es fatal.<\/span><\/p>\n<\/p>\n<p><span class=\"text1noticias\">Es por todo ello que creemos, que la acertada medida tomada por el Comit\u00e9 Pol\u00edtico env\u00eda un claro mensaje; y es que al parecer, nos estamos acercando a la aplicaci\u00f3n de los m\u00e9todos, los estatutos y la disciplina en el PLD. Que solo cumpliendo y haciendo que se cumplan los m\u00e9todos de trabajos y los estatutos del partido podemos rescatar la disciplina del parido. \u00danica garant\u00eda para volver a los principios que le dieron origen al PLD.<\/span><\/p>\n<\/p>\n<\/p>\n<h6> 2014-07-11 00:24:22 <\/h6>\n<p><!--\n<link rel=\"stylesheet\" href=\"css\/bootstrap.min.css\">\n\n\n<ul class=\"pagination\">\n\t    \n\t\n\n<li >\n\t<a href='?page_no=15092'>Previous<\/a>\n\t<\/li>\n\n\n       \n    \n\n<li><a href='?page_no=1'>1<\/a><\/li>\n\n\n\n<li><a href='?page_no=2'>2<\/a><\/li>\n\n\n\n<li><a>...<\/a><\/li>\n\n\n\n<li><a href='?page_no=15091'>15091<\/a><\/li>\n\n\n\n<li><a href='?page_no=15092'>15092<\/a><\/li>\n\n\n\n<li class='active'><a>15093<\/a><\/li>\n\n\n\n<li><a href='?page_no=15094'>15094<\/a><\/li>\n\n\n\n<li><a href='?page_no=15095'>15095<\/a><\/li>\n\n\n\n<li><a>...<\/a><\/li>\n\n\n\n<li><a href='?page_no=36999'>36999<\/a><\/li>\n\n\n\n<li><a href='?page_no=37000'>37000<\/a><\/li>\n\n    \n\t\n\n<li >\n\t<a href='?page_no=15094'>Next<\/a>\n\t<\/li>\n\n\n    \n\n<li><a href='?page_no=37000'>Last &rsaquo;&rsaquo;<\/a><\/li>\n\n<\/ul>\n\n\n--><br \/>\n<\/body><\/p>\n","protected":false},"excerpt":{"rendered":"<p>Por: Rafael Hernandez Dice un viejo refr\u00e1n que lo que mal comienza mal acaba. En efecto, asi de mal, comenzo la asamblea eleccionaria realizada en Paris el pasado sabado. En realidad, el Comit\u00e9 Pol\u00edtico en la reunion del lunes dispuso la anulaci\u00f3n de la directiva provisional de la regional de Europa Central. Los miembros del [&hellip;]<\/p>\n","protected":false},"author":3,"featured_media":0,"comment_status":"open","ping_status":"open","sticky":false,"template":"","format":"standard","meta":{"footnotes":""},"categories":[22],"tags":[],"class_list":["post-162715","post","type-post","status-publish","format-standard","hentry","category-politica"],"_links":{"self":[{"href":"https:\/\/diariodominicano.com\/index.php?rest_route=\/wp\/v2\/posts\/162715","targetHints":{"allow":["GET"]}}],"collection":[{"href":"https:\/\/diariodominicano.com\/index.php?rest_route=\/wp\/v2\/posts"}],"about":[{"href":"https:\/\/diariodominicano.com\/index.php?rest_route=\/wp\/v2\/types\/post"}],"author":[{"embeddable":true,"href":"https:\/\/diariodominicano.com\/index.php?rest_route=\/wp\/v2\/users\/3"}],"replies":[{"embeddable":true,"href":"https:\/\/diariodominicano.com\/index.php?rest_route=%2Fwp%2Fv2%2Fcomments&post=162715"}],"version-history":[{"count":0,"href":"https:\/\/diariodominicano.com\/index.php?rest_route=\/wp\/v2\/posts\/162715\/revisions"}],"wp:attachment":[{"href":"https:\/\/diariodominicano.com\/index.php?rest_route=%2Fwp%2Fv2%2Fmedia&parent=162715"}],"wp:term":[{"taxonomy":"category","embeddable":true,"href":"https:\/\/diariodominicano.com\/index.php?rest_route=%2Fwp%2Fv2%2Fcategories&post=162715"},{"taxonomy":"post_tag","embeddable":true,"href":"https:\/\/diariodominicano.com\/index.php?rest_route=%2Fwp%2Fv2%2Ftags&post=162715"}],"curies":[{"name":"wp","href":"https:\/\/api.w.org\/{rel}","templated":true}]}}