{"id":162714,"date":"2014-07-11T18:16:53","date_gmt":"2014-07-11T18:16:53","guid":{"rendered":"http:\/\/diariodominicano.ddns.net\/?p=162714"},"modified":"2014-07-11T18:16:53","modified_gmt":"2014-07-11T18:16:53","slug":"formacion-politica-del-pld-imparte-cursos-en-barahona-san-juan-y-azua","status":"publish","type":"post","link":"https:\/\/diariodominicano.com\/?p=162714","title":{"rendered":"Formaci\u00f3n Pol\u00edtica del PLD imparte cursos en Barahona, San Juan y Azua"},"content":{"rendered":"<p><body><\/p>\n<p>Santo Domingo RD 11 julio.- Con el prop\u00f3sito de  promover al interior del Partido de la Liberaci\u00f3n Dominicana la puesta en ejecuci\u00f3n de un nuevo programa formativo, la Secretar\u00eda de Formaci\u00f3n Pol\u00edtica del PLD organiza para este fin de semana su seminario  en la regi\u00f3n Sur del pa\u00eds<\/p>\n<\/p>\n<p>Se busca  con  la organizaci\u00f3n de es evento \u00abla  oportunidad de desarrollar un liderazgo transformador, comprometido con la modernidad y el progreso\u00bb se precisa en los prop\u00f3sitos del seminario que ha realizado una primera entrega en la capital una segunda en Europa.<\/p>\n<\/p>\n<p>S\u00e1bado y domingo los dirigentes del PLD de las provincias Barahona, San Juan y Azua, se reunir\u00e1n por separado para recibir las conferencias y exposiciones y luego de un turno de preguntas y respuestas organizar las conclusiones del seminario \u00abHacia una Nueva Visi\u00f3n de la Formaci\u00f3n Pol\u00edtica\u00bb<\/p>\n<\/p>\n<p>La dirigencia del PLD en Barahona est\u00e1 siendo convocada para las nueve de la ma\u00f1ana de este s\u00e1bado en uno de los salones del Hotel Larimar y San Juan para tres de la tarde en el sal\u00f3n de acto del Ayuntamiento.<\/p>\n<\/p>\n<p>El seminario del domingo se realizar\u00e1 con los dirigentes del Partido de la Liberaci\u00f3n Dominicana de los municipios de Azua.<\/p>\n<\/p>\n<p>En el seminario, que tiene el formato de taller se har\u00e1  la Presentaci\u00f3n del Programa de Formaci\u00f3n Pol\u00edtica, se realizar\u00e1 un esbozo hist\u00f3rico del PLD, se desarrollar\u00e1 el tema de La Teor\u00eda Boschista y se presentar\u00e1n aspectos generales de la Declaraci\u00f3n de Principios del PLD, de \u00c9tica y Disciplina y de la Constituci\u00f3n de la Rep\u00fablica<\/p>\n<\/p>\n<p>Con estos seminarios la Secretar\u00eda de Formaci\u00f3n Pol\u00edtica peledeista esta abriendo  un proceso de reflexi\u00f3n sobre la Teor\u00eda Bochista  para que la dirigencia del partido morado sea capaz de afrontar con eficacia los diversos y desafiantes retos del presente y del futuro<\/p>\n<h6> 2014-07-11 18:16:53 <\/h6>\n<p><!--\n<link rel=\"stylesheet\" href=\"css\/bootstrap.min.css\">\n\n\n<ul class=\"pagination\">\n\t    \n\t\n\n<li >\n\t<a href='?page_no=15091'>Previous<\/a>\n\t<\/li>\n\n\n       \n    \n\n<li><a href='?page_no=1'>1<\/a><\/li>\n\n\n\n<li><a href='?page_no=2'>2<\/a><\/li>\n\n\n\n<li><a>...<\/a><\/li>\n\n\n\n<li><a href='?page_no=15090'>15090<\/a><\/li>\n\n\n\n<li><a href='?page_no=15091'>15091<\/a><\/li>\n\n\n\n<li class='active'><a>15092<\/a><\/li>\n\n\n\n<li><a href='?page_no=15093'>15093<\/a><\/li>\n\n\n\n<li><a href='?page_no=15094'>15094<\/a><\/li>\n\n\n\n<li><a>...<\/a><\/li>\n\n\n\n<li><a href='?page_no=36999'>36999<\/a><\/li>\n\n\n\n<li><a href='?page_no=37000'>37000<\/a><\/li>\n\n    \n\t\n\n<li >\n\t<a href='?page_no=15093'>Next<\/a>\n\t<\/li>\n\n\n    \n\n<li><a href='?page_no=37000'>Last &rsaquo;&rsaquo;<\/a><\/li>\n\n<\/ul>\n\n\n--><br \/>\n<\/body><\/p>\n","protected":false},"excerpt":{"rendered":"<p>Santo Domingo RD 11 julio.- Con el prop\u00f3sito de promover al interior del Partido de la Liberaci\u00f3n Dominicana la puesta en ejecuci\u00f3n de un nuevo programa formativo, la Secretar\u00eda de Formaci\u00f3n Pol\u00edtica del PLD organiza para este fin de semana su seminario en la regi\u00f3n Sur del pa\u00eds Se busca con la organizaci\u00f3n de es [&hellip;]<\/p>\n","protected":false},"author":3,"featured_media":0,"comment_status":"open","ping_status":"open","sticky":false,"template":"","format":"standard","meta":{"footnotes":""},"categories":[22],"tags":[],"class_list":["post-162714","post","type-post","status-publish","format-standard","hentry","category-politica"],"_links":{"self":[{"href":"https:\/\/diariodominicano.com\/index.php?rest_route=\/wp\/v2\/posts\/162714","targetHints":{"allow":["GET"]}}],"collection":[{"href":"https:\/\/diariodominicano.com\/index.php?rest_route=\/wp\/v2\/posts"}],"about":[{"href":"https:\/\/diariodominicano.com\/index.php?rest_route=\/wp\/v2\/types\/post"}],"author":[{"embeddable":true,"href":"https:\/\/diariodominicano.com\/index.php?rest_route=\/wp\/v2\/users\/3"}],"replies":[{"embeddable":true,"href":"https:\/\/diariodominicano.com\/index.php?rest_route=%2Fwp%2Fv2%2Fcomments&post=162714"}],"version-history":[{"count":0,"href":"https:\/\/diariodominicano.com\/index.php?rest_route=\/wp\/v2\/posts\/162714\/revisions"}],"wp:attachment":[{"href":"https:\/\/diariodominicano.com\/index.php?rest_route=%2Fwp%2Fv2%2Fmedia&parent=162714"}],"wp:term":[{"taxonomy":"category","embeddable":true,"href":"https:\/\/diariodominicano.com\/index.php?rest_route=%2Fwp%2Fv2%2Fcategories&post=162714"},{"taxonomy":"post_tag","embeddable":true,"href":"https:\/\/diariodominicano.com\/index.php?rest_route=%2Fwp%2Fv2%2Ftags&post=162714"}],"curies":[{"name":"wp","href":"https:\/\/api.w.org\/{rel}","templated":true}]}}