{"id":162713,"date":"2014-07-11T19:36:34","date_gmt":"2014-07-11T19:36:34","guid":{"rendered":"http:\/\/diariodominicano.ddns.net\/?p=162713"},"modified":"2014-07-11T19:36:34","modified_gmt":"2014-07-11T19:36:34","slug":"gobernador-de-barahona-pide-al-pld-dejar-la-hipocresia-y-mezquindad-y-apoyar-la-reeleccion-de-danilo-medina","status":"publish","type":"post","link":"https:\/\/diariodominicano.com\/?p=162713","title":{"rendered":"&#13;Gobernador de Barahona pide al PLD dejar la hipocres\u00eda y mezquindad y apoyar la reelecci\u00f3n de  Danilo Medina"},"content":{"rendered":"<p><body><\/p>\n<p><img decoding=\"async\" src=\"img3\/gobernador.jpg\" \/>  <\/p>\n<\/p>\n<\/p>\n<p><span class=\"text1noticias\">Barahona, RD, 11 de julio.-  El gobernador Civil de la  provincia Barahona, Pedro Pe\u00f1a Rubio, hizo un llamado este viernes  al  Partido de la Liberaci\u00f3n Dominicana (PLD), para que deje lo que calific\u00f3 como las mezquindades e hipocres\u00edas y resolver el dilema de la reelecci\u00f3n presidencial, permitiendo que el presidente Danilo Medina se reelija para un nuevo periodo presidencial.<\/span><\/p>\n<\/p>\n<p><span class=\"text1noticias\">Haciendo alegor\u00eda sobre el hombre del campo, el funcionario manifest\u00f3 que todo hombre que siembra necesita dos momentos: el de preparaci\u00f3n y siembra del terreno y el de la cosecha.  <\/span><\/p>\n<\/p>\n<p><span class=\"text1noticias\">En tal sentido afirm\u00f3 que el presidente Medina ha sembrado en la Rep\u00fablica Dominicana, por lo que har\u00e1 falta un nuevo periodo para cosechar los frutos.<\/span><\/p>\n<\/p>\n<p><span class=\"text1noticias\">El planteamiento desat\u00f3 la algarab\u00eda de cientos de personas y dirigentes peledeistas presentes en el acto de inauguraci\u00f3n en el que el presidente entrego a la comunidad educativa unos 14 centros educativos, entre ellos los liceos de Barahona II, Mar\u00eda Trinidad S\u00e1nchez, La Guazara y el Francisco Amadis Pe\u00f1a de Cabral.  <\/span><\/p>\n<\/p>\n<p><span class=\"text1noticias\">Otras escuelas entregadas por el mandatario fueron la escuela TV Centro Pescader\u00eda, Jos\u00e9 Gabriel, Fidelina P\u00e9rez, el Viran, profesora Marina Sep\u00falveda, Fidel Medina, Hilda Celeste Ram\u00edrez, el Higuero, Compa Bombita y Fiameta Gracia.<\/span><\/p>\n<\/p>\n<p><span class=\"text1noticias\">Estos centros educativos forman parte de 25 escuelas entregadas por el mandatario en las provincias de Barahona, Bahoruco e Independencia, en cuya construcci\u00f3n el gobierno invirti\u00f3 unos 650 millones 58 mil 331 pesos, a trav\u00e9s del Ministerio de Educaci\u00f3n.<\/span><\/p>\n<\/p>\n<p><span class=\"text1noticias\">Los centros educativos entregados beneficiaran en conjunto a 12 mil 305 estudiantes que ser\u00e1n incluidos en la Jornada Extendida a partir de agosto para el a\u00f1o escolar 2014-2015<\/span><\/p>\n<\/p>\n<p><span class=\"text1noticias\">La ceremonia central del programa de inauguraciones se desarroll\u00f3 en el liceo Barahona II, bautizado con el nombre de Mar\u00eda Mont\u00e9s, inmortal estrella de cine nativa de esta provincia, desde donde se dejaron inaugurados los dem\u00e1s centros educativos.<\/span><\/p>\n<\/p>\n<p><span class=\"text1noticias\">Las palabras de bendici\u00f3n del acto estuvieron a cargo de Monse\u00f1or Rafael Le\u00f3nidas Felipe N\u00fa\u00f1ez, Obispo de la Di\u00f3cesis de Barahona y las palabras de gracia fueron pronunciadas por el licenciado Octavio G\u00f3mez, director del centro educativo y la estudiante Bibel Herrera Batista.<\/span><\/p>\n<\/p>\n<p><span class=\"text1noticias\">En la mesa principal acompa\u00f1aron al presidente el Ministro Administrativo de la Presidencia, Jos\u00e9 Ram\u00f3n Peralta, el Ministro de Obras P\u00fablicas, licenciado Gonzalo Castillo, el gobernador civil de Barahona, Ing. Pedro Pe\u00f1a Rubio, el embajador dominicano en Espa\u00f1a, Cesar Medina, el alcalde del municipio, No\u00e9 Octavio Subervi, los diputados de la provincia Noris Medina y Mariano Montero, el director de pro comunidad Jos\u00e9 Gonzales Espinosa,  y el Director Regional de Educaci\u00f3n, Ram\u00f3n L\u00f3pez Inoa.<\/span><\/p>\n<h6> 2014-07-11 19:36:34 <\/h6>\n<p><!--\n<link rel=\"stylesheet\" href=\"css\/bootstrap.min.css\">\n\n\n<ul class=\"pagination\">\n\t    \n\t\n\n<li >\n\t<a href='?page_no=15090'>Previous<\/a>\n\t<\/li>\n\n\n       \n    \n\n<li><a href='?page_no=1'>1<\/a><\/li>\n\n\n\n<li><a href='?page_no=2'>2<\/a><\/li>\n\n\n\n<li><a>...<\/a><\/li>\n\n\n\n<li><a href='?page_no=15089'>15089<\/a><\/li>\n\n\n\n<li><a href='?page_no=15090'>15090<\/a><\/li>\n\n\n\n<li class='active'><a>15091<\/a><\/li>\n\n\n\n<li><a href='?page_no=15092'>15092<\/a><\/li>\n\n\n\n<li><a href='?page_no=15093'>15093<\/a><\/li>\n\n\n\n<li><a>...<\/a><\/li>\n\n\n\n<li><a href='?page_no=36999'>36999<\/a><\/li>\n\n\n\n<li><a href='?page_no=37000'>37000<\/a><\/li>\n\n    \n\t\n\n<li >\n\t<a href='?page_no=15092'>Next<\/a>\n\t<\/li>\n\n\n    \n\n<li><a href='?page_no=37000'>Last &rsaquo;&rsaquo;<\/a><\/li>\n\n<\/ul>\n\n\n--><br \/>\n<\/body><\/p>\n","protected":false},"excerpt":{"rendered":"<p>Barahona, RD, 11 de julio.- El gobernador Civil de la provincia Barahona, Pedro Pe\u00f1a Rubio, hizo un llamado este viernes al Partido de la Liberaci\u00f3n Dominicana (PLD), para que deje lo que calific\u00f3 como las mezquindades e hipocres\u00edas y resolver el dilema de la reelecci\u00f3n presidencial, permitiendo que el presidente Danilo Medina se reelija para [&hellip;]<\/p>\n","protected":false},"author":3,"featured_media":0,"comment_status":"open","ping_status":"open","sticky":false,"template":"","format":"standard","meta":{"footnotes":""},"categories":[22],"tags":[],"class_list":["post-162713","post","type-post","status-publish","format-standard","hentry","category-politica"],"_links":{"self":[{"href":"https:\/\/diariodominicano.com\/index.php?rest_route=\/wp\/v2\/posts\/162713","targetHints":{"allow":["GET"]}}],"collection":[{"href":"https:\/\/diariodominicano.com\/index.php?rest_route=\/wp\/v2\/posts"}],"about":[{"href":"https:\/\/diariodominicano.com\/index.php?rest_route=\/wp\/v2\/types\/post"}],"author":[{"embeddable":true,"href":"https:\/\/diariodominicano.com\/index.php?rest_route=\/wp\/v2\/users\/3"}],"replies":[{"embeddable":true,"href":"https:\/\/diariodominicano.com\/index.php?rest_route=%2Fwp%2Fv2%2Fcomments&post=162713"}],"version-history":[{"count":0,"href":"https:\/\/diariodominicano.com\/index.php?rest_route=\/wp\/v2\/posts\/162713\/revisions"}],"wp:attachment":[{"href":"https:\/\/diariodominicano.com\/index.php?rest_route=%2Fwp%2Fv2%2Fmedia&parent=162713"}],"wp:term":[{"taxonomy":"category","embeddable":true,"href":"https:\/\/diariodominicano.com\/index.php?rest_route=%2Fwp%2Fv2%2Fcategories&post=162713"},{"taxonomy":"post_tag","embeddable":true,"href":"https:\/\/diariodominicano.com\/index.php?rest_route=%2Fwp%2Fv2%2Ftags&post=162713"}],"curies":[{"name":"wp","href":"https:\/\/api.w.org\/{rel}","templated":true}]}}