{"id":162710,"date":"2014-07-12T19:21:31","date_gmt":"2014-07-12T19:21:31","guid":{"rendered":"http:\/\/diariodominicano.ddns.net\/?p=162710"},"modified":"2014-07-12T19:21:31","modified_gmt":"2014-07-12T19:21:31","slug":"alejandrina-german-la-formacion-politica-en-el-pld-es-mejor-arma-para-combatir-a-logreros-y-oportunistas","status":"publish","type":"post","link":"https:\/\/diariodominicano.com\/?p=162710","title":{"rendered":"Alejandrina Germ\u00e1n: La formaci\u00f3n pol\u00edtica en el PLD es mejor arma para combatir a logreros y oportunistas"},"content":{"rendered":"<p><body><\/p>\n<p><img decoding=\"async\" src=\"img3\/alejandrina.jpg\" \/>  <\/p>\n<p><span class=\"text1noticias\">Santo Domingo, RD, 12 de Julio.-En la actual coyuntura pol\u00edtica  que se vive en el pa\u00eds y a lo interno del Partido de la Liberaci\u00f3n Dominicana, la formaci\u00f3n pol\u00edtica de sus miembros y dirigentes se convierte en un valladar contra logreros y oportunistas que medran en los partidos pol\u00edticos.<\/span><\/p>\n<p><span class=\"text1noticias\"> <\/span><\/p>\n<p><span class=\"text1noticias\">As\u00ed lo estableci\u00f3 Alejandrina Germ\u00e1n, integrante del Comit\u00e9 Pol\u00edtico del PLD, al dejar instalado el seminario \u00abHacia una Nueva Visi\u00f3n de la Formaci\u00f3n Pol\u00edtica\u00bb que agot\u00f3 una primera jornada de trabajo en Barahona y que en horas de la tarde del s\u00e1bado se traslad\u00f3 a San Juan.  <\/span><\/p>\n<p><span class=\"text1noticias\"> <\/span><\/p>\n<p><span class=\"text1noticias\">Destac\u00f3 en sus palabras el programa formativo aprobado en el reci\u00e9n concluido VIII Congreso Ordinario Comandante Norge Botello del PLD, porque se consigna el requisito de aprobar unos o varios niveles formativos para optar por candidaturas o posiciones a lo interno del Partido.<\/span><\/p>\n<p><span class=\"text1noticias\"> <\/span><\/p>\n<p><span class=\"text1noticias\">\u00abEl profesor Juan Bosch dijo  que un dirigente pol\u00edtico tiene que estudiar  la historia, conocer el pasado, interpretar el presente, para prever el futuro\u00bb  apunt\u00f3 Alejandrina Germ\u00e1n al motivar a la dirigencia del PLD a participar en los seminarios que se han organizado y multiplicar\u00e1n  en los Comit\u00e9s Intermedios y de Base.<\/span><\/p>\n<p><span class=\"text1noticias\"> <\/span><\/p>\n<p><span class=\"text1noticias\">Germ\u00e1n, conjuntamente con una comisi\u00f3n de sub secretarios de Formaci\u00f3n Pol\u00edtica inici\u00f3 en Barahona las jornadas de capacitaci\u00f3n en pol\u00edtica, cumpliendo un calendario de actividades que le llevar\u00e1 a todas las provincias del pa\u00eds.  Para la tarde del s\u00e1bado se program\u00f3 el seminario en San Juan y el domingo en Azua.<\/span><\/p>\n<p><span class=\"text1noticias\"> <\/span><\/p>\n<p><span class=\"text1noticias\">Sobre la Teor\u00eda  Boschista, tema que tambi\u00e9n desarroll\u00f3, la titular de Formaci\u00f3n Pol\u00edtica del PLD destac\u00f3 que su practica vas mas all\u00e1 de lo conceptual y tiene que ir en sinton\u00eda con el legado y ejemplo de vida del Profesor Juan Bosch \u00abporque es imprescindible, tambi\u00e9n, emular el  estilo de vida de nuestro fundador y l\u00edder hist\u00f3rico\u00bb apunt\u00f3.<\/span><\/p>\n<p><span class=\"text1noticias\"> <\/span><\/p>\n<p><span class=\"text1noticias\">\u00abEl Partido de la Liberaci\u00f3n Dominicano en sus  congresos,  acogi\u00f3 el Boschismo como cuerpo doctrinario, su l\u00ednea de pensamiento y acci\u00f3n\u00bb dijo Germ\u00e1n para referir que quien cierre fila en el PLD,  est\u00e1 comprometido con este elemento ideol\u00f3gico y de practica pol\u00edtica.  <\/span><\/p>\n<p><span class=\"text1noticias\"> <\/span><\/p>\n<p><span class=\"text1noticias\">\u00abJuan Bosch vivi\u00f3 y muri\u00f3 convencido de que la educaci\u00f3n  es el mejor instrumento del crecimiento personal y del desarrollo social\u00bb destac\u00f3 en su ponencia Alejandrina Germ\u00e1n, que el PLD  rese\u00f1\u00f3 en un despacho de  su Secretar\u00eda de Comunicaciones<\/span><\/p>\n<p><span class=\"text1noticias\"> <\/span><\/p>\n<p><span class=\"text1noticias\">El seminario en Barahona se desarroll\u00f3 con las exposiciones que se planificaron en el programa de acto con  un esbozo hist\u00f3rico del PLD, se desarroll\u00f3  el tema de La Teor\u00eda Boschista y se presentaron  aspectos generales de la Declaraci\u00f3n de Principios del PLD, de \u00c9tica y Disciplina y de la Constituci\u00f3n de la Rep\u00fablica.<\/span><\/p>\n<p><span class=\"text1noticias\"> <\/span><\/p>\n<p><span class=\"text1noticias\">El senador Eddy Mateo ofreci\u00f3 las palabras de bienvenida a los dirigentes del PLD de su provincia,  Barahona, de la cual es presidente Provincial del PLD, de Pedernales, Independencia y Bahoruco, la denominada regi\u00f3n Enriquillo.<\/span><\/p>\n<p><span class=\"text1noticias\"> <\/span><\/p>\n<p><span class=\"text1noticias\">La mesa de honor del seminario la encabez\u00f3 Alejandrina Germ\u00e1n, titular de Formaci\u00f3n Pol\u00edtica y miembro del Comit\u00e9 Pol\u00edtico, Eddy Mateo , senador de la Republica y Presidente del PLD en Barahona y los subsecretarios de Formaci\u00f3n Pol\u00edtica y expositores en el seminario Alfonso Espinal, Mery Valerio, Beatriz Ovalle, Carmen S\u00e1nchez y V\u00edctor Cuevas.<\/span><\/p>\n<p><span class=\"text1noticias\"> <\/span><\/p>\n<p><span class=\"text1noticias\">Este domingo prosigue el seminario con un encuentro en Azua dedicado a los miembros del PLD de la regi\u00f3n Sur corto.(HG)<\/span>.<\/p>\n<h6> 2014-07-12 19:21:31 <\/h6>\n<p><!--\n<link rel=\"stylesheet\" href=\"css\/bootstrap.min.css\">\n\n\n<ul class=\"pagination\">\n\t    \n\t\n\n<li >\n\t<a href='?page_no=15088'>Previous<\/a>\n\t<\/li>\n\n\n       \n    \n\n<li><a href='?page_no=1'>1<\/a><\/li>\n\n\n\n<li><a href='?page_no=2'>2<\/a><\/li>\n\n\n\n<li><a>...<\/a><\/li>\n\n\n\n<li><a href='?page_no=15087'>15087<\/a><\/li>\n\n\n\n<li><a href='?page_no=15088'>15088<\/a><\/li>\n\n\n\n<li class='active'><a>15089<\/a><\/li>\n\n\n\n<li><a href='?page_no=15090'>15090<\/a><\/li>\n\n\n\n<li><a href='?page_no=15091'>15091<\/a><\/li>\n\n\n\n<li><a>...<\/a><\/li>\n\n\n\n<li><a href='?page_no=36999'>36999<\/a><\/li>\n\n\n\n<li><a href='?page_no=37000'>37000<\/a><\/li>\n\n    \n\t\n\n<li >\n\t<a href='?page_no=15090'>Next<\/a>\n\t<\/li>\n\n\n    \n\n<li><a href='?page_no=37000'>Last &rsaquo;&rsaquo;<\/a><\/li>\n\n<\/ul>\n\n\n--><br \/>\n<\/body><\/p>\n","protected":false},"excerpt":{"rendered":"<p>Santo Domingo, RD, 12 de Julio.-En la actual coyuntura pol\u00edtica que se vive en el pa\u00eds y a lo interno del Partido de la Liberaci\u00f3n Dominicana, la formaci\u00f3n pol\u00edtica de sus miembros y dirigentes se convierte en un valladar contra logreros y oportunistas que medran en los partidos pol\u00edticos. As\u00ed lo estableci\u00f3 Alejandrina Germ\u00e1n, integrante [&hellip;]<\/p>\n","protected":false},"author":3,"featured_media":0,"comment_status":"open","ping_status":"open","sticky":false,"template":"","format":"standard","meta":{"footnotes":""},"categories":[22],"tags":[],"class_list":["post-162710","post","type-post","status-publish","format-standard","hentry","category-politica"],"_links":{"self":[{"href":"https:\/\/diariodominicano.com\/index.php?rest_route=\/wp\/v2\/posts\/162710","targetHints":{"allow":["GET"]}}],"collection":[{"href":"https:\/\/diariodominicano.com\/index.php?rest_route=\/wp\/v2\/posts"}],"about":[{"href":"https:\/\/diariodominicano.com\/index.php?rest_route=\/wp\/v2\/types\/post"}],"author":[{"embeddable":true,"href":"https:\/\/diariodominicano.com\/index.php?rest_route=\/wp\/v2\/users\/3"}],"replies":[{"embeddable":true,"href":"https:\/\/diariodominicano.com\/index.php?rest_route=%2Fwp%2Fv2%2Fcomments&post=162710"}],"version-history":[{"count":0,"href":"https:\/\/diariodominicano.com\/index.php?rest_route=\/wp\/v2\/posts\/162710\/revisions"}],"wp:attachment":[{"href":"https:\/\/diariodominicano.com\/index.php?rest_route=%2Fwp%2Fv2%2Fmedia&parent=162710"}],"wp:term":[{"taxonomy":"category","embeddable":true,"href":"https:\/\/diariodominicano.com\/index.php?rest_route=%2Fwp%2Fv2%2Fcategories&post=162710"},{"taxonomy":"post_tag","embeddable":true,"href":"https:\/\/diariodominicano.com\/index.php?rest_route=%2Fwp%2Fv2%2Ftags&post=162710"}],"curies":[{"name":"wp","href":"https:\/\/api.w.org\/{rel}","templated":true}]}}