{"id":162707,"date":"2014-07-13T15:24:07","date_gmt":"2014-07-13T15:24:07","guid":{"rendered":"http:\/\/diariodominicano.ddns.net\/?p=162707"},"modified":"2014-07-13T15:24:07","modified_gmt":"2014-07-13T15:24:07","slug":"pared-perez-afirma-peledeistas-reciben-con-entusiasmo-su-decision-de-dedicar-tiempo-por-la-candidatura","status":"publish","type":"post","link":"https:\/\/diariodominicano.com\/?p=162707","title":{"rendered":"Pared P\u00e9rez afirma pelede\u00edstas reciben con entusiasmo su decisi\u00f3n de dedicar tiempo por la candidatura"},"content":{"rendered":"<p><body><\/p>\n<p><img decoding=\"async\" src=\"img3\/rey 13.jpg\" \/>  <\/p>\n<p>Puerto Plata RD 13 julio.- El aspirante presidencial Reinaldo Pared P\u00e9rez afirm\u00f3 aqu\u00ed que  su decisi\u00f3n de no volver a aspirar a dirigir el Senado de la Rep\u00fablica ha sido recibida con gran entusiasmo a lo interno del Partido de la Liberaci\u00f3n Dominicana (PLD), por lo que garantiz\u00f3 que saldr\u00e1 airoso del proceso interno para escoger al candidato del partido morado de cara a las elecciones del 2016.<\/p>\n<\/p>\n<p>El doctor Pared P\u00e9rez, secretario general del PLD  y actual presidente del Senado, manifest\u00f3 su agradecimiento a cientos de dirigentes pelede\u00edstas y representantes de diversos segmentos de la sociedad que le han expresado por diferentes v\u00edas su satisfacci\u00f3n porque a partir del 16 de agosto pr\u00f3ximo se dedicar\u00e1 a tiempo completo en la b\u00fasqueda de la candidatura presidencial.<\/p>\n<\/p>\n<p>\u00abMe reun\u00ed con mi equipo y mis asesorespol\u00edticos y entendimos que no pod\u00eda seguir siendo aspirante presidencial y presidente del Senado paralelamente\u00bb, expres\u00f3 Reinaldo al reflexionar sobre la decisi\u00f3n que anunciara el pasado jueves de rechazar una nueva repostulaci\u00f3n para liderar la C\u00e1mara Alta.<\/p>\n<\/p>\n<p>Destac\u00f3 que tras informar su decisi\u00f3n ha recibido cientos de llamadas e innumerables visitas de compa\u00f1eros de partido ydirigentes dediferentes sectores, que han entendido que con la misma se le env\u00eda una clara y firme se\u00f1al al electorado sobre la firma de decisi\u00f3n de trabajar, primero, por la candidatura presidencial, y segundo, ganar la Presidencia de la Rep\u00fablica en el 2016.<\/p>\n<\/p>\n<p>Reinaldo habl\u00f3 del tema al responder preguntas a periodistas en una pausa durante el recorrido que realizarael s\u00e1bado y domingo por barrios, zonas residenciales y urbanizaciones de Puerto Plata, as\u00ed como por localidades de esa provincia de la Costa Norte.<\/p>\n<\/p>\n<p>Reinado realiz\u00f3 encuentros y visit\u00f3 varios l\u00edderes de la zona con quienes esboz\u00f3 parte de la plataforma program\u00e1tica que presentar\u00e1 al electorado nacional.<\/p>\n<\/p>\n<p>En ciudad de Puerto Plata, el doctor Pared P\u00e9rez fue recibido por el diputado Alfonso Cris\u00f3stomo (El Querido), la viceministra de la Juventud, Ivania Rivera; as\u00ed como por cuadros pelede\u00edstas como C\u00e9sar Pe\u00f1a, ingenieroOn\u00e9simo Reyes, Juan \u00c1lvarez, doctor Guillermo Mart\u00ednez, doctor Waddy Musa, director regional de Salud Publica; Juan CarlosMorales, licenciado Julio Almonte y LichiL\u00f3pez, entre otros.<\/p>\n<\/p>\n<p>Durante su estad\u00eda, el doctor Pared P\u00e9rez estuvo acompa\u00f1ado de su esposa, do\u00f1a Ingrid Mendoza de Pared; el senador por la provincia Hermanas Mirabal, Luis Ren\u00e9Cana\u00e1n; el diputado Franklin de la Cruz y los miembros del Comit\u00e9 Central del PLD,Carlos Pared Vidal, Charlie N\u00fa\u00f1ez, Jos\u00e9Salda\u00f1a y C\u00e9sar L\u00f3pez, as\u00ed como otros miembros de su equipo pol\u00edtico.<\/p>\n<\/p>\n<p><strong>EL RECORRIDO<\/strong><\/p>\n<\/p>\n<p>El s\u00e1bado, el doctor Reinaldo Pared P\u00e9rez encabez\u00f3varias actividades y convers\u00f3 con directivos de la Asociaci\u00f3n de Ganaderosde Puerto Plata, quienes plantearon al aspirante presidencial un plan para impulsar esa zona que produce el 60 por ciento de la de leche de la regi\u00f3n.<\/p>\n<\/p>\n<p>Posteriormente, particip\u00f3 en un gran evento con j\u00f3venes que trabajan en Puerto Plata por su candidatura presidencial.<\/p>\n<\/p>\n<p>Adem\u00e1s, se reuni\u00f3 con representantes de 142 organizaciones aglutinadas en la Federaci\u00f3n de Juntas de Vecinos de Puerto Plata.<\/p>\n<\/p>\n<p>En Montellano fue recibido por una nutrida representaci\u00f3n de dirigentes del Partido de la Liberaci\u00f3n Dominicana, encabezado por el presidente del PLD en ese municipio, Andr\u00e9s Montilla. Igual recibimiento le fue ofrecido a Reinaldo Pared P\u00e9rez en la ciudad de Sos\u00faa.<\/p>\n<\/p>\n<p>En la tarde, el polideportivo Gregorio Luper\u00f3n fue abarrotado en una delirante manifestaci\u00f3n de apoyo a las aspiraciones presidenciales deldoctor Reinaldo Pared P\u00e9rez.<\/p>\n<\/p>\n<h6> 2014-07-13 15:24:07 <\/h6>\n<p><!--\n<link rel=\"stylesheet\" href=\"css\/bootstrap.min.css\">\n\n\n<ul class=\"pagination\">\n\t    \n\t\n\n<li >\n\t<a href='?page_no=15085'>Previous<\/a>\n\t<\/li>\n\n\n       \n    \n\n<li><a href='?page_no=1'>1<\/a><\/li>\n\n\n\n<li><a href='?page_no=2'>2<\/a><\/li>\n\n\n\n<li><a>...<\/a><\/li>\n\n\n\n<li><a href='?page_no=15084'>15084<\/a><\/li>\n\n\n\n<li><a href='?page_no=15085'>15085<\/a><\/li>\n\n\n\n<li class='active'><a>15086<\/a><\/li>\n\n\n\n<li><a href='?page_no=15087'>15087<\/a><\/li>\n\n\n\n<li><a href='?page_no=15088'>15088<\/a><\/li>\n\n\n\n<li><a>...<\/a><\/li>\n\n\n\n<li><a href='?page_no=36999'>36999<\/a><\/li>\n\n\n\n<li><a href='?page_no=37000'>37000<\/a><\/li>\n\n    \n\t\n\n<li >\n\t<a href='?page_no=15087'>Next<\/a>\n\t<\/li>\n\n\n    \n\n<li><a href='?page_no=37000'>Last &rsaquo;&rsaquo;<\/a><\/li>\n\n<\/ul>\n\n\n--><br \/>\n<\/body><\/p>\n","protected":false},"excerpt":{"rendered":"<p>Puerto Plata RD 13 julio.- El aspirante presidencial Reinaldo Pared P\u00e9rez afirm\u00f3 aqu\u00ed que su decisi\u00f3n de no volver a aspirar a dirigir el Senado de la Rep\u00fablica ha sido recibida con gran entusiasmo a lo interno del Partido de la Liberaci\u00f3n Dominicana (PLD), por lo que garantiz\u00f3 que saldr\u00e1 airoso del proceso interno para [&hellip;]<\/p>\n","protected":false},"author":3,"featured_media":0,"comment_status":"open","ping_status":"open","sticky":false,"template":"","format":"standard","meta":{"footnotes":""},"categories":[22],"tags":[],"class_list":["post-162707","post","type-post","status-publish","format-standard","hentry","category-politica"],"_links":{"self":[{"href":"https:\/\/diariodominicano.com\/index.php?rest_route=\/wp\/v2\/posts\/162707","targetHints":{"allow":["GET"]}}],"collection":[{"href":"https:\/\/diariodominicano.com\/index.php?rest_route=\/wp\/v2\/posts"}],"about":[{"href":"https:\/\/diariodominicano.com\/index.php?rest_route=\/wp\/v2\/types\/post"}],"author":[{"embeddable":true,"href":"https:\/\/diariodominicano.com\/index.php?rest_route=\/wp\/v2\/users\/3"}],"replies":[{"embeddable":true,"href":"https:\/\/diariodominicano.com\/index.php?rest_route=%2Fwp%2Fv2%2Fcomments&post=162707"}],"version-history":[{"count":0,"href":"https:\/\/diariodominicano.com\/index.php?rest_route=\/wp\/v2\/posts\/162707\/revisions"}],"wp:attachment":[{"href":"https:\/\/diariodominicano.com\/index.php?rest_route=%2Fwp%2Fv2%2Fmedia&parent=162707"}],"wp:term":[{"taxonomy":"category","embeddable":true,"href":"https:\/\/diariodominicano.com\/index.php?rest_route=%2Fwp%2Fv2%2Fcategories&post=162707"},{"taxonomy":"post_tag","embeddable":true,"href":"https:\/\/diariodominicano.com\/index.php?rest_route=%2Fwp%2Fv2%2Ftags&post=162707"}],"curies":[{"name":"wp","href":"https:\/\/api.w.org\/{rel}","templated":true}]}}