{"id":162706,"date":"2014-07-13T15:58:54","date_gmt":"2014-07-13T15:58:54","guid":{"rendered":"http:\/\/diariodominicano.ddns.net\/?p=162706"},"modified":"2014-07-13T15:58:54","modified_gmt":"2014-07-13T15:58:54","slug":"ex-candidato-a-senador-se-juramenta-en-la-estructura","status":"publish","type":"post","link":"https:\/\/diariodominicano.com\/?p=162706","title":{"rendered":"Ex candidato a senador se juramenta en La Estructura"},"content":{"rendered":"<p><body><\/p>\n<p><img decoding=\"async\" src=\"img3\/estructura 13.php.html\" \/>  <\/p>\n<\/p>\n<p>El ex candidato a senador Mart\u00edn Chic\u00f3n durante su juramentaci\u00f3n.<\/p>\n<p>NUEVA YORK, EEUU.- El ex candadito a senador por el Partido Republicano, Mart\u00edn Chic\u00f3n, fue juramentado aqu\u00ed como vice presidente del Partido Liberal de la Rep\u00fablica Dominicana La Estructura, que preside Andr\u00e9s Van Der Horst.<\/p>\n<p>La juramentaci\u00f3n estuvo a cargo de F\u00e9lix Jerez, presidente de la organizaci\u00f3n en Estados Unidos, fue celebrada en 809 Lounge &amp; Restaurante, localizado en el 112 Dyckman Street, en el Alto Manhattan, con la presencia del secretario general y el juez de paz, Francisco Spies.<\/p>\n<p>\u00abGracias a Van Der Horst, a Francisco Spies, a F\u00e9lix Jerez, y todos los dem\u00e1s dirigentes, por hacerme parte de este gran proyecto pol\u00edtico que crece cada d\u00eda y desde aqu\u00ed podr\u00e9 continuar mis servicios en favor de los m\u00e1s necesitados y de mi pa\u00eds\u00bb, expuso Chic\u00f3n.<\/p>\n<p>Prometi\u00f3 trabajar para ayudar al avance del partido en Estados Unidos, a todos los niveles.<\/p>\n<p>En tanto que Jerez le exhort\u00f3 a trabajar incansablemente por el crecimiento de La Estructura, aliado al PLD y miembro del Bloque Progresista.<\/p>\n<h6> 2014-07-13 15:58:54 <\/h6>\n<p><!--\n<link rel=\"stylesheet\" href=\"css\/bootstrap.min.css\">\n\n\n<ul class=\"pagination\">\n\t    \n\t\n\n<li >\n\t<a href='?page_no=15084'>Previous<\/a>\n\t<\/li>\n\n\n       \n    \n\n<li><a href='?page_no=1'>1<\/a><\/li>\n\n\n\n<li><a href='?page_no=2'>2<\/a><\/li>\n\n\n\n<li><a>...<\/a><\/li>\n\n\n\n<li><a href='?page_no=15083'>15083<\/a><\/li>\n\n\n\n<li><a href='?page_no=15084'>15084<\/a><\/li>\n\n\n\n<li class='active'><a>15085<\/a><\/li>\n\n\n\n<li><a href='?page_no=15086'>15086<\/a><\/li>\n\n\n\n<li><a href='?page_no=15087'>15087<\/a><\/li>\n\n\n\n<li><a>...<\/a><\/li>\n\n\n\n<li><a href='?page_no=36999'>36999<\/a><\/li>\n\n\n\n<li><a href='?page_no=37000'>37000<\/a><\/li>\n\n    \n\t\n\n<li >\n\t<a href='?page_no=15086'>Next<\/a>\n\t<\/li>\n\n\n    \n\n<li><a href='?page_no=37000'>Last &rsaquo;&rsaquo;<\/a><\/li>\n\n<\/ul>\n\n\n--><br \/>\n<\/body><\/p>\n","protected":false},"excerpt":{"rendered":"<p>El ex candidato a senador Mart\u00edn Chic\u00f3n durante su juramentaci\u00f3n. NUEVA YORK, EEUU.- El ex candadito a senador por el Partido Republicano, Mart\u00edn Chic\u00f3n, fue juramentado aqu\u00ed como vice presidente del Partido Liberal de la Rep\u00fablica Dominicana La Estructura, que preside Andr\u00e9s Van Der Horst. La juramentaci\u00f3n estuvo a cargo de F\u00e9lix Jerez, presidente de [&hellip;]<\/p>\n","protected":false},"author":3,"featured_media":0,"comment_status":"open","ping_status":"open","sticky":false,"template":"","format":"standard","meta":{"footnotes":""},"categories":[22],"tags":[],"class_list":["post-162706","post","type-post","status-publish","format-standard","hentry","category-politica"],"_links":{"self":[{"href":"https:\/\/diariodominicano.com\/index.php?rest_route=\/wp\/v2\/posts\/162706","targetHints":{"allow":["GET"]}}],"collection":[{"href":"https:\/\/diariodominicano.com\/index.php?rest_route=\/wp\/v2\/posts"}],"about":[{"href":"https:\/\/diariodominicano.com\/index.php?rest_route=\/wp\/v2\/types\/post"}],"author":[{"embeddable":true,"href":"https:\/\/diariodominicano.com\/index.php?rest_route=\/wp\/v2\/users\/3"}],"replies":[{"embeddable":true,"href":"https:\/\/diariodominicano.com\/index.php?rest_route=%2Fwp%2Fv2%2Fcomments&post=162706"}],"version-history":[{"count":0,"href":"https:\/\/diariodominicano.com\/index.php?rest_route=\/wp\/v2\/posts\/162706\/revisions"}],"wp:attachment":[{"href":"https:\/\/diariodominicano.com\/index.php?rest_route=%2Fwp%2Fv2%2Fmedia&parent=162706"}],"wp:term":[{"taxonomy":"category","embeddable":true,"href":"https:\/\/diariodominicano.com\/index.php?rest_route=%2Fwp%2Fv2%2Fcategories&post=162706"},{"taxonomy":"post_tag","embeddable":true,"href":"https:\/\/diariodominicano.com\/index.php?rest_route=%2Fwp%2Fv2%2Ftags&post=162706"}],"curies":[{"name":"wp","href":"https:\/\/api.w.org\/{rel}","templated":true}]}}