{"id":162704,"date":"2014-07-13T17:15:38","date_gmt":"2014-07-13T17:15:38","guid":{"rendered":"http:\/\/diariodominicano.ddns.net\/?p=162704"},"modified":"2014-07-13T17:15:38","modified_gmt":"2014-07-13T17:15:38","slug":"temo-montas-dice-que-danilo-gobierna-bien-y-luego-le-toca-a-el","status":"publish","type":"post","link":"https:\/\/diariodominicano.com\/?p=162704","title":{"rendered":"Temo Mont\u00e1s dice que Danilo gobierna bien y luego le toca a \u00e9l"},"content":{"rendered":"<p><body><\/p>\n<p><img decoding=\"async\" src=\"img3\/temo 13.jpg\" \/>  <\/p>\n<p>Santo Domingo RD 13 julio.- \u00abEste pa\u00eds se siente contento hoy porque Danilo Medina est\u00e1 gobernando y lo est\u00e1 haciendo bien, pero no hubiese sido as\u00ed si hubiese continuado lo mismo porque los pueblos quieren que peri\u00f3dicamente se produzcan cambios y para eso hay que rotar el liderazgo\u00bb, expres\u00f3 el aspirante presidencial pelede\u00edsta Tem\u00edstocles Mont\u00e1s. <\/p>\n<\/p>\n<p>Mont\u00e1s se\u00f1al\u00f3 que ante la imposibilidad que el presidente Medina pueda aspirar a un nuevo mandato en las elecciones de 2016, las bases del Partido de la Liberaci\u00f3n Dominicana (PLD) deben escoger a un nuevo candidato, no mirar hacia atr\u00e1s porque \u00abel pasado ya no tiene nada nuevo que ofrecer y tampoco constituye ninguna esperanza para el pueblo dominicano\u00bb.<\/p>\n<\/p>\n<p>\u00abDanilo tiene impedimento constitucional para aspirar, pero ustedes saben que \u00e9l ha sido un luchador permanente contra la reelecci\u00f3n presidencial y por esa raz\u00f3n no ser\u00e1 candidato en el 2016\u00bb, manifest\u00f3 el alto dirigente pelede\u00edsta, quien agreg\u00f3 que ante esa circunstancia le corresponder\u00e1 al propio Mont\u00e1s encabezar la boleta presidencial morada.<\/p>\n<\/p>\n<p>Mont\u00e1s reuni\u00f3 a decenas de seguidores en el sector El Almirante, en Santo Domingo Este,  en la calle Rodeo a esquina Hilda Gautreaux, auspiciado por el Proyecto Pol\u00edtico Unificando el Voto, cuyo coordinador, Francisco Valdez, le dio la bienvenida y comprometi\u00f3 a los integrantes del movimiento a trabajar sin descanso para que alcance la nominaci\u00f3n presidencial en el 2016.<\/p>\n<\/p>\n<p>En la actividad Mont\u00e1s estuvo acompa\u00f1ado de  Yohvanny Leyba, Aquilino Mercedes, Aniel Javier, George Surina, Jos\u00e9 Mar\u00eda Hasbun y Mar\u00eda D oleo, dirigente medio del PLD.<\/p>\n<\/p>\n<p>El aspirante presidencial pelede\u00edsta encabez\u00f3 varias actividades durante la semana, entre ellas la apertura de su Comando de Campa\u00f1a en Santiago de los Caballeros y este domingo recorri\u00f3 varios municipios de la provincia de San Juan de la Maguana.<\/p>\n<\/p>\n<p>Hablando ante sus seguidores en Santo Domingo Este, el dirigente pol\u00edtico consider\u00f3 que el peor error que puede cometer el PLD al escoger su pr\u00f3ximo candidato presidencial es volver hacia atr\u00e1s y pidi\u00f3 a las bases pelede\u00edstas \u00abcerrarle el paso al pasado. Los que gobernaron ya jugaron su papel\u00bb, por lo que corresponde a lo nuevo aprender las lecciones y no volver a cometer los mismos errores.<\/p>\n<\/p>\n<p>\u00abEn las elecciones primarias del PLD el a\u00f1o que viene vamos a tener que escoger entre volver al pasado o seguir abriendo las puertas del futuro, que hoy lo representa Danilo Medina y en el 2016 lo representar\u00e9 yo, su compa\u00f1ero Tem\u00edstoclesMont\u00e1s\u00bb, apunt\u00f3.<\/p>\n<\/p>\n<p>Advirti\u00f3 que si se escoge \u00abvolver al pasado\u00bb, tanto el pa\u00eds como el PLD cometer\u00edan un grave error porque el partido morado no es de un hombre, sino del pueblo y lo encabezan un grupo numeroso de l\u00edderes.<\/p>\n<\/p>\n<p>Record\u00f3 que desde 1994 al d\u00eda de hoy, han sobresalido como los l\u00edderes que trazaron la estrategia de poder del PLD Leonel Fern\u00e1ndez, Danilo Medina y el propio Tem\u00edstoclesMont\u00e1s.<\/p>\n<\/p>\n<p>\u00abLeonel gobern\u00f3 tres per\u00edodos; Danilo est\u00e1 gobernando ahora y no puede reelegirse, entonces no hay duda de que por justicia y por derecho es a m\u00ed que me toca en el 2016 y las bases del PLD, las grandes mayor\u00edas nacionales y el inter\u00e9s nacional as\u00ed lo entienden\u00bb, proclam\u00f3 Mont\u00e1s arrancando cerrados aplausos de los presentes.<\/p>\n<\/p>\n<p>El precandidato presidencial manifest\u00f3 que est\u00e1 comprometido con enfrentar en forma decisiva la pobreza y la desigualdad que afecta a la sociedad dominicana, porque ese fue el objetivo pol\u00edtico esencial del profesor Juan Bosch cuando fund\u00f3 el PLD en 1973.<\/p>\n<\/p>\n<h6> 2014-07-13 17:15:38 <\/h6>\n<p><!--\n<link rel=\"stylesheet\" href=\"css\/bootstrap.min.css\">\n\n\n<ul class=\"pagination\">\n\t    \n\t\n\n<li >\n\t<a href='?page_no=15082'>Previous<\/a>\n\t<\/li>\n\n\n       \n    \n\n<li><a href='?page_no=1'>1<\/a><\/li>\n\n\n\n<li><a href='?page_no=2'>2<\/a><\/li>\n\n\n\n<li><a>...<\/a><\/li>\n\n\n\n<li><a href='?page_no=15081'>15081<\/a><\/li>\n\n\n\n<li><a href='?page_no=15082'>15082<\/a><\/li>\n\n\n\n<li class='active'><a>15083<\/a><\/li>\n\n\n\n<li><a href='?page_no=15084'>15084<\/a><\/li>\n\n\n\n<li><a href='?page_no=15085'>15085<\/a><\/li>\n\n\n\n<li><a>...<\/a><\/li>\n\n\n\n<li><a href='?page_no=36999'>36999<\/a><\/li>\n\n\n\n<li><a href='?page_no=37000'>37000<\/a><\/li>\n\n    \n\t\n\n<li >\n\t<a href='?page_no=15084'>Next<\/a>\n\t<\/li>\n\n\n    \n\n<li><a href='?page_no=37000'>Last &rsaquo;&rsaquo;<\/a><\/li>\n\n<\/ul>\n\n\n--><br \/>\n<\/body><\/p>\n","protected":false},"excerpt":{"rendered":"<p>Santo Domingo RD 13 julio.- \u00abEste pa\u00eds se siente contento hoy porque Danilo Medina est\u00e1 gobernando y lo est\u00e1 haciendo bien, pero no hubiese sido as\u00ed si hubiese continuado lo mismo porque los pueblos quieren que peri\u00f3dicamente se produzcan cambios y para eso hay que rotar el liderazgo\u00bb, expres\u00f3 el aspirante presidencial pelede\u00edsta Tem\u00edstocles Mont\u00e1s. [&hellip;]<\/p>\n","protected":false},"author":3,"featured_media":0,"comment_status":"open","ping_status":"open","sticky":false,"template":"","format":"standard","meta":{"footnotes":""},"categories":[22],"tags":[],"class_list":["post-162704","post","type-post","status-publish","format-standard","hentry","category-politica"],"_links":{"self":[{"href":"https:\/\/diariodominicano.com\/index.php?rest_route=\/wp\/v2\/posts\/162704","targetHints":{"allow":["GET"]}}],"collection":[{"href":"https:\/\/diariodominicano.com\/index.php?rest_route=\/wp\/v2\/posts"}],"about":[{"href":"https:\/\/diariodominicano.com\/index.php?rest_route=\/wp\/v2\/types\/post"}],"author":[{"embeddable":true,"href":"https:\/\/diariodominicano.com\/index.php?rest_route=\/wp\/v2\/users\/3"}],"replies":[{"embeddable":true,"href":"https:\/\/diariodominicano.com\/index.php?rest_route=%2Fwp%2Fv2%2Fcomments&post=162704"}],"version-history":[{"count":0,"href":"https:\/\/diariodominicano.com\/index.php?rest_route=\/wp\/v2\/posts\/162704\/revisions"}],"wp:attachment":[{"href":"https:\/\/diariodominicano.com\/index.php?rest_route=%2Fwp%2Fv2%2Fmedia&parent=162704"}],"wp:term":[{"taxonomy":"category","embeddable":true,"href":"https:\/\/diariodominicano.com\/index.php?rest_route=%2Fwp%2Fv2%2Fcategories&post=162704"},{"taxonomy":"post_tag","embeddable":true,"href":"https:\/\/diariodominicano.com\/index.php?rest_route=%2Fwp%2Fv2%2Ftags&post=162704"}],"curies":[{"name":"wp","href":"https:\/\/api.w.org\/{rel}","templated":true}]}}