{"id":162698,"date":"2014-07-13T18:53:16","date_gmt":"2014-07-13T18:53:16","guid":{"rendered":"http:\/\/diariodominicano.ddns.net\/?p=162698"},"modified":"2014-07-13T18:53:16","modified_gmt":"2014-07-13T18:53:16","slug":"grupo-de-hipolito-mejia-reconoce-escritores-criollos","status":"publish","type":"post","link":"https:\/\/diariodominicano.com\/?p=162698","title":{"rendered":"Grupo de Hip\u00f3lito Mej\u00eda reconoce escritores criollos"},"content":{"rendered":"<p><body><\/p>\n<p>Santo Domingo RD 13 julio.- El grupo que encabeza el expresidente Hip\u00f3lito Mej\u00eda reconoci\u00f3 a 12 escritores dominicanos del Partido Revolucionario Dominicano-PRD-  y a otros no partidistas que han trascendido a nivel internacional.<\/p>\n<\/p>\n<p>La dirigente perrede\u00edsta, Milagros Ortiz Bosch, expres\u00f3 que al margen de las ideas partidarias de los escritores galardonados, la lectura de sus libros deja un legado a la naci\u00f3n.<\/p>\n<\/p>\n<p>Los literatos reconocidos son Tony Raful, Ivelisse Prats de P\u00e9rez, Arturo Mart\u00ednez Moya, Eduardo Tejera, Fausto Herrera Catalino, Amaury Justo Duarte, Rafael Abinader y Tirso Mej\u00eda Ricart.<\/p>\n<\/p>\n<p>Tambi\u00e9n, el ex dirigente izquierdista Rafael Cocullo B\u00e1ez, Jes\u00fas Feris Iglesias, Fabricio G\u00f3mez Mazara y los intelectuales Leonte Brea y Wilfredo Lozano.<\/p>\n<\/p>\n<h6> 2014-07-13 18:53:16 <\/h6>\n<p><!--\n<link rel=\"stylesheet\" href=\"css\/bootstrap.min.css\">\n\n\n<ul class=\"pagination\">\n\t    \n\t\n\n<li >\n\t<a href='?page_no=15077'>Previous<\/a>\n\t<\/li>\n\n\n       \n    \n\n<li><a href='?page_no=1'>1<\/a><\/li>\n\n\n\n<li><a href='?page_no=2'>2<\/a><\/li>\n\n\n\n<li><a>...<\/a><\/li>\n\n\n\n<li><a href='?page_no=15076'>15076<\/a><\/li>\n\n\n\n<li><a href='?page_no=15077'>15077<\/a><\/li>\n\n\n\n<li class='active'><a>15078<\/a><\/li>\n\n\n\n<li><a href='?page_no=15079'>15079<\/a><\/li>\n\n\n\n<li><a href='?page_no=15080'>15080<\/a><\/li>\n\n\n\n<li><a>...<\/a><\/li>\n\n\n\n<li><a href='?page_no=36999'>36999<\/a><\/li>\n\n\n\n<li><a href='?page_no=37000'>37000<\/a><\/li>\n\n    \n\t\n\n<li >\n\t<a href='?page_no=15079'>Next<\/a>\n\t<\/li>\n\n\n    \n\n<li><a href='?page_no=37000'>Last &rsaquo;&rsaquo;<\/a><\/li>\n\n<\/ul>\n\n\n--><br \/>\n<\/body><\/p>\n","protected":false},"excerpt":{"rendered":"<p>Santo Domingo RD 13 julio.- El grupo que encabeza el expresidente Hip\u00f3lito Mej\u00eda reconoci\u00f3 a 12 escritores dominicanos del Partido Revolucionario Dominicano-PRD- y a otros no partidistas que han trascendido a nivel internacional. La dirigente perrede\u00edsta, Milagros Ortiz Bosch, expres\u00f3 que al margen de las ideas partidarias de los escritores galardonados, la lectura de sus [&hellip;]<\/p>\n","protected":false},"author":3,"featured_media":0,"comment_status":"open","ping_status":"open","sticky":false,"template":"","format":"standard","meta":{"footnotes":""},"categories":[22],"tags":[],"class_list":["post-162698","post","type-post","status-publish","format-standard","hentry","category-politica"],"_links":{"self":[{"href":"https:\/\/diariodominicano.com\/index.php?rest_route=\/wp\/v2\/posts\/162698","targetHints":{"allow":["GET"]}}],"collection":[{"href":"https:\/\/diariodominicano.com\/index.php?rest_route=\/wp\/v2\/posts"}],"about":[{"href":"https:\/\/diariodominicano.com\/index.php?rest_route=\/wp\/v2\/types\/post"}],"author":[{"embeddable":true,"href":"https:\/\/diariodominicano.com\/index.php?rest_route=\/wp\/v2\/users\/3"}],"replies":[{"embeddable":true,"href":"https:\/\/diariodominicano.com\/index.php?rest_route=%2Fwp%2Fv2%2Fcomments&post=162698"}],"version-history":[{"count":0,"href":"https:\/\/diariodominicano.com\/index.php?rest_route=\/wp\/v2\/posts\/162698\/revisions"}],"wp:attachment":[{"href":"https:\/\/diariodominicano.com\/index.php?rest_route=%2Fwp%2Fv2%2Fmedia&parent=162698"}],"wp:term":[{"taxonomy":"category","embeddable":true,"href":"https:\/\/diariodominicano.com\/index.php?rest_route=%2Fwp%2Fv2%2Fcategories&post=162698"},{"taxonomy":"post_tag","embeddable":true,"href":"https:\/\/diariodominicano.com\/index.php?rest_route=%2Fwp%2Fv2%2Ftags&post=162698"}],"curies":[{"name":"wp","href":"https:\/\/api.w.org\/{rel}","templated":true}]}}