{"id":162692,"date":"2014-07-14T18:58:25","date_gmt":"2014-07-14T18:58:25","guid":{"rendered":"http:\/\/diariodominicano.ddns.net\/?p=162692"},"modified":"2014-07-14T18:58:25","modified_gmt":"2014-07-14T18:58:25","slug":"canaan-rojas-defiende-gestion-de-danilo-medina","status":"publish","type":"post","link":"https:\/\/diariodominicano.com\/?p=162692","title":{"rendered":"&#13;Cana\u00e1n Rojas  defiende gesti\u00f3n de Danilo Medina&#13;"},"content":{"rendered":"<p><body><\/p>\n<p><img decoding=\"async\" src=\"img3\/Canaanjpg.jpg\" \/>  <\/p>\n<\/p>\n<p><span class=\"text1noticias\"> <\/span><\/p>\n<p><span class=\"text1noticias\">Santo Domingo, RD, 14 de julio.- Lu\u00eds Ren\u00e9 Cana\u00e1n Rojas, defendi\u00f3 la gesti\u00f3n de gobierno encabezada por el presidente Danilo Medina, la que define como la garant\u00eda de permanencia de esa organizaci\u00f3n en el poder m\u00e1s all\u00e1 del a\u00f1o 2016.<\/span><\/p>\n<p><span class=\"text1noticias\"> <\/span><\/p>\n<p><span class=\"text1noticias\">\u00abEste gobierno es la mejor plataforma, esta gesti\u00f3n  es la carta de triunfo para lo que viene en el 2016\u00bb, subray\u00f3 Cana\u00e1n Rojas en  nota divulgada por su partido a trav\u00e9s de la Secretar\u00eda de Comunicaciones<\/span><\/p>\n<p><span class=\"text1noticias\"> <\/span><\/p>\n<p><span class=\"text1noticias\">A juicio del Senador de la Rep\u00fablica, representante del PLD en la provincia Hermanas Mirabal,  la gesti\u00f3n debe continuar desarrollando sus planes acorde a los compromisos contra\u00eddos.<\/span><\/p>\n<p><span class=\"text1noticias\"> <\/span><\/p>\n<p><span class=\"text1noticias\">El legislador saluda que los aspirantes a ostentar la candidatura presidencial del PLD, renuncian a las funciones p\u00fablicas que ocupan;  como la v\u00edspera hiciera  el presidente del Senado, Reinaldo Pared P\u00e9rez.<\/span><\/p>\n<p><span class=\"text1noticias\"> <\/span><\/p>\n<p><span class=\"text1noticias\">En ese orden, el dirigente del PLD y legislador apela a que se mantenga en alto la gesti\u00f3n de Danilo Medina, al cual, insiste,  es un eje fundamental de cara al  2016, agrega que  como marche el gobierno marcha el Partido.<\/span><\/p>\n<p><span class=\"text1noticias\"> <\/span><\/p>\n<p><span class=\"text1noticias\">\u00abY tambi\u00e9n como marcha el Partido machar\u00e1n los candidatos\u00bb, acot\u00f3<\/span><\/p>\n<p><span class=\"text1noticias\"> <\/span><\/p>\n<p><span class=\"text1noticias\">Lu\u00eds Ren\u00e9  Cana\u00e1n Rojas  entiende que hizo bien, el presidente del Senado de renunciar a que se le presente para un nuevo periodo en la Presidencia de la C\u00e1mara Alta, para promover sus aspiraciones<\/span><\/p>\n<p><span class=\"text1noticias\"> <\/span><\/p>\n<p><span class=\"text1noticias\">\u00abLos dem\u00e1s compa\u00f1eros que son precandidatos deber\u00e1n hacer lo mismo si as\u00ed su conciencia se lo dicta\u00bb, concluy\u00f3 Lu\u00eds Ren\u00e9 Cana\u00e1n.<\/span><\/p>\n<h6> 2014-07-14 18:58:25 <\/h6>\n<p><!--\n<link rel=\"stylesheet\" href=\"css\/bootstrap.min.css\">\n\n\n<ul class=\"pagination\">\n\t    \n\t\n\n<li >\n\t<a href='?page_no=15071'>Previous<\/a>\n\t<\/li>\n\n\n       \n    \n\n<li><a href='?page_no=1'>1<\/a><\/li>\n\n\n\n<li><a href='?page_no=2'>2<\/a><\/li>\n\n\n\n<li><a>...<\/a><\/li>\n\n\n\n<li><a href='?page_no=15070'>15070<\/a><\/li>\n\n\n\n<li><a href='?page_no=15071'>15071<\/a><\/li>\n\n\n\n<li class='active'><a>15072<\/a><\/li>\n\n\n\n<li><a href='?page_no=15073'>15073<\/a><\/li>\n\n\n\n<li><a href='?page_no=15074'>15074<\/a><\/li>\n\n\n\n<li><a>...<\/a><\/li>\n\n\n\n<li><a href='?page_no=36999'>36999<\/a><\/li>\n\n\n\n<li><a href='?page_no=37000'>37000<\/a><\/li>\n\n    \n\t\n\n<li >\n\t<a href='?page_no=15073'>Next<\/a>\n\t<\/li>\n\n\n    \n\n<li><a href='?page_no=37000'>Last &rsaquo;&rsaquo;<\/a><\/li>\n\n<\/ul>\n\n\n--><br \/>\n<\/body><\/p>\n","protected":false},"excerpt":{"rendered":"<p>Santo Domingo, RD, 14 de julio.- Lu\u00eds Ren\u00e9 Cana\u00e1n Rojas, defendi\u00f3 la gesti\u00f3n de gobierno encabezada por el presidente Danilo Medina, la que define como la garant\u00eda de permanencia de esa organizaci\u00f3n en el poder m\u00e1s all\u00e1 del a\u00f1o 2016. \u00abEste gobierno es la mejor plataforma, esta gesti\u00f3n es la carta de triunfo para lo [&hellip;]<\/p>\n","protected":false},"author":3,"featured_media":0,"comment_status":"open","ping_status":"open","sticky":false,"template":"","format":"standard","meta":{"footnotes":""},"categories":[22],"tags":[],"class_list":["post-162692","post","type-post","status-publish","format-standard","hentry","category-politica"],"_links":{"self":[{"href":"https:\/\/diariodominicano.com\/index.php?rest_route=\/wp\/v2\/posts\/162692","targetHints":{"allow":["GET"]}}],"collection":[{"href":"https:\/\/diariodominicano.com\/index.php?rest_route=\/wp\/v2\/posts"}],"about":[{"href":"https:\/\/diariodominicano.com\/index.php?rest_route=\/wp\/v2\/types\/post"}],"author":[{"embeddable":true,"href":"https:\/\/diariodominicano.com\/index.php?rest_route=\/wp\/v2\/users\/3"}],"replies":[{"embeddable":true,"href":"https:\/\/diariodominicano.com\/index.php?rest_route=%2Fwp%2Fv2%2Fcomments&post=162692"}],"version-history":[{"count":0,"href":"https:\/\/diariodominicano.com\/index.php?rest_route=\/wp\/v2\/posts\/162692\/revisions"}],"wp:attachment":[{"href":"https:\/\/diariodominicano.com\/index.php?rest_route=%2Fwp%2Fv2%2Fmedia&parent=162692"}],"wp:term":[{"taxonomy":"category","embeddable":true,"href":"https:\/\/diariodominicano.com\/index.php?rest_route=%2Fwp%2Fv2%2Fcategories&post=162692"},{"taxonomy":"post_tag","embeddable":true,"href":"https:\/\/diariodominicano.com\/index.php?rest_route=%2Fwp%2Fv2%2Ftags&post=162692"}],"curies":[{"name":"wp","href":"https:\/\/api.w.org\/{rel}","templated":true}]}}