{"id":162610,"date":"2020-11-23T10:39:46","date_gmt":"2020-11-23T10:39:46","guid":{"rendered":"http:\/\/diariodominicano.ddns.net\/?p=162610"},"modified":"2020-11-23T10:39:46","modified_gmt":"2020-11-23T10:39:46","slug":"charlie-mariotti-lanzara-candidatura-a-la-secretaria-general-del-pld","status":"publish","type":"post","link":"https:\/\/diariodominicano.com\/?p=162610","title":{"rendered":"Charlie Mariotti lanzar\u00e1 candidatura a la secretar\u00eda general del PLD"},"content":{"rendered":"<p><body><\/p>\n<p><img decoding=\"async\" src=\"img3\/Charlie Mariotti23-11-20.jpeg\" \/>  <\/p>\n<p><span class=\"text1noticias\"> diariodominicano.com <\/span><\/p>\n<p><span class=\"text1noticias\"> <\/span><\/p>\n<p><span class=\"text1noticias\">Santo Domingo, R. D., 23 de noviembre, 2020.- Se ha anunciado para los pr\u00f3ximos d\u00edas la candidatura  del ex Senador y miembro del Comit\u00e9 Central del PLD, Charlie Mariotti, a secretario general del Partido de la Liberaci\u00f3n Dominicana (PLD). <\/span><\/p>\n<p><span class=\"text1noticias\"> <\/span><\/p>\n<p><span class=\"text1noticias\">Existe un importante grupo de dirigentes, entre ellos miembros del Comit\u00e9 Central, exsenadores, diputados, alcaldes, dirigentes de gran importancia del PLD, as\u00ed como un sector externo que ven a Charlie como un punto de equilibrio.<\/span><\/p>\n<p><span class=\"text1noticias\"> <\/span><\/p>\n<p><span class=\"text1noticias\">Sus promotores afirman que tiene la reciedumbre y equidistancia para ser un \u00e1rbitro confiable en los procesos internos que tendr\u00e1 que vivir el PLD. Con conocimiento de la pol\u00edtica en centros urbanos y en el interior. Seg\u00fan afirman, Charlie es un dirigente con criterio propio pero fraguado en la disciplina partidaria, con credibilidad frente a los sectores sociales, un liderazgo maduro pero que refrescar\u00eda la direcci\u00f3n pol\u00edtica del PLD por su conocimiento y capacidad de movilizaci\u00f3n y su destreza en el manejo de los medios de comunicaci\u00f3n y la opini\u00f3n p\u00fablica.  <\/span><\/p>\n<p><span class=\"text1noticias\"> <\/span><\/p>\n<p><span class=\"text1noticias\">Charlie es, adem\u00e1s, un gran movilizador de juventud y un organizador natural con gran experiencia en el movimiento deportivo, lo que lo colocar\u00eda en la primera l\u00ednea para apoyar el necesario proceso de renovaci\u00f3n y rejuvenecimiento que debe vivir el PLD tanto en su dirigencia como en su base. No obstante, conoce a profundidad los fundamentos organizativos del PLD y los valores esenciales que configuran el Boschismo como corriente de pensamiento y acci\u00f3n pol\u00edtica. <\/span><\/p>\n<p><span class=\"text1noticias\"> <\/span><\/p>\n<p><span class=\"text1noticias\">Este movimiento surge ante la percepci\u00f3n de importantes dirigentes, quienes ven que la secretar\u00eda general debe potenciarse como \u00f3rgano operativo que pueda lidiar con las amenazas y retos externos, pero que adem\u00e1s se convierta en un catalizador para el fortalecimiento de las estructuras operativas del partido y en el relanzamiento de la vida org\u00e1nica. El mismo viene fragu\u00e1ndose desde hace m\u00e1s de un mes, pero sus promotores al parecer no habr\u00edan podido hasta ahora convencer a Charlie, quien ya est\u00e1 listo para arrancar.<\/span><\/p>\n<p><span class=\"text1noticias\"> <\/span><\/p>\n<p><span class=\"text1noticias\">Fuente: prensa dominicana<\/span><\/p>\n<h6> 2020-11-23 10:39:46 <\/h6>\n<p><!--\n<link rel=\"stylesheet\" href=\"css\/bootstrap.min.css\">\n\n\n<ul class=\"pagination\">\n\t    \n\t\n\n<li >\n\t<a href='?page_no=14'>Previous<\/a>\n\t<\/li>\n\n\n       \n    \n\n<li><a href='?page_no=1'>1<\/a><\/li>\n\n\n\n<li><a href='?page_no=2'>2<\/a><\/li>\n\n\n\n<li><a>...<\/a><\/li>\n\n\n\n<li><a href='?page_no=13'>13<\/a><\/li>\n\n\n\n<li><a href='?page_no=14'>14<\/a><\/li>\n\n\n\n<li class='active'><a>15<\/a><\/li>\n\n\n\n<li><a href='?page_no=16'>16<\/a><\/li>\n\n\n\n<li><a href='?page_no=17'>17<\/a><\/li>\n\n\n\n<li><a>...<\/a><\/li>\n\n\n\n<li><a href='?page_no=36999'>36999<\/a><\/li>\n\n\n\n<li><a href='?page_no=37000'>37000<\/a><\/li>\n\n    \n\t\n\n<li >\n\t<a href='?page_no=16'>Next<\/a>\n\t<\/li>\n\n\n    \n\n<li><a href='?page_no=37000'>Last &rsaquo;&rsaquo;<\/a><\/li>\n\n<\/ul>\n\n\n--><br \/>\n<\/body><\/p>\n","protected":false},"excerpt":{"rendered":"<p>diariodominicano.com Santo Domingo, R. D., 23 de noviembre, 2020.- Se ha anunciado para los pr\u00f3ximos d\u00edas la candidatura del ex Senador y miembro del Comit\u00e9 Central del PLD, Charlie Mariotti, a secretario general del Partido de la Liberaci\u00f3n Dominicana (PLD). Existe un importante grupo de dirigentes, entre ellos miembros del Comit\u00e9 Central, exsenadores, diputados, alcaldes, [&hellip;]<\/p>\n","protected":false},"author":3,"featured_media":0,"comment_status":"open","ping_status":"open","sticky":false,"template":"","format":"standard","meta":{"footnotes":""},"categories":[22],"tags":[],"class_list":["post-162610","post","type-post","status-publish","format-standard","hentry","category-politica"],"_links":{"self":[{"href":"https:\/\/diariodominicano.com\/index.php?rest_route=\/wp\/v2\/posts\/162610","targetHints":{"allow":["GET"]}}],"collection":[{"href":"https:\/\/diariodominicano.com\/index.php?rest_route=\/wp\/v2\/posts"}],"about":[{"href":"https:\/\/diariodominicano.com\/index.php?rest_route=\/wp\/v2\/types\/post"}],"author":[{"embeddable":true,"href":"https:\/\/diariodominicano.com\/index.php?rest_route=\/wp\/v2\/users\/3"}],"replies":[{"embeddable":true,"href":"https:\/\/diariodominicano.com\/index.php?rest_route=%2Fwp%2Fv2%2Fcomments&post=162610"}],"version-history":[{"count":0,"href":"https:\/\/diariodominicano.com\/index.php?rest_route=\/wp\/v2\/posts\/162610\/revisions"}],"wp:attachment":[{"href":"https:\/\/diariodominicano.com\/index.php?rest_route=%2Fwp%2Fv2%2Fmedia&parent=162610"}],"wp:term":[{"taxonomy":"category","embeddable":true,"href":"https:\/\/diariodominicano.com\/index.php?rest_route=%2Fwp%2Fv2%2Fcategories&post=162610"},{"taxonomy":"post_tag","embeddable":true,"href":"https:\/\/diariodominicano.com\/index.php?rest_route=%2Fwp%2Fv2%2Ftags&post=162610"}],"curies":[{"name":"wp","href":"https:\/\/api.w.org\/{rel}","templated":true}]}}