{"id":162589,"date":"2014-07-24T20:07:49","date_gmt":"2014-07-24T20:07:49","guid":{"rendered":"http:\/\/diariodominicano.ddns.net\/?p=162589"},"modified":"2014-07-24T20:07:49","modified_gmt":"2014-07-24T20:07:49","slug":"cerca-de-100-miembros-del-prd-renuncian-y-se-juramentan-en-el-moda","status":"publish","type":"post","link":"https:\/\/diariodominicano.com\/?p=162589","title":{"rendered":"&#13;Cerca de 100 miembros del PRD renuncian y se juramentan en el MODA"},"content":{"rendered":"<p><body><\/p>\n<p><img decoding=\"async\" src=\"img3\/emiliorivas.jpg\" \/>  <\/p>\n<\/p>\n<p><span class=\"text1noticias\">Santo Domingo, RD, 24 de julio.- Cerca de un centenar de dirigentes nacionales del Partido Revolucionario Dominicano (PRD) anunciaron su renuncia de esa organizaci\u00f3n y se juramentaron en el Movimiento Democr\u00e1tico Alternativo (MODA). El grupo fue juramentado por el presidente del Moda, Emilio Rivas. Argumentan que el PRD ha cumplido su ciclo hist\u00f3rico, y que ya no representa los mejores intereses de la sociedad dominicana.<\/span><\/p>\n<\/p>\n<p><span class=\"text1noticias\">Al leer un documento durante rueda de prensa, los renunciantes  expresan que la irracionalidad e intereses personales de sus principales dirigentes han disminuido al otrora partido de la esperanza nacional, alej\u00e1ndolo de la posibilidad de retornar al poder, meta de todo partido pol\u00edtico para realizar las grandes transformaciones que reclama la sociedad.<\/span><\/p>\n<\/p>\n<p><span class=\"text1noticias\">\u00abLuego de un profundo proceso de reflexi\u00f3n sobre el rumbo que han tomado los acontecimientos a lo interno del PRD, organizaci\u00f3n a la que dedicamos m\u00e1s de 20 anos de de nuestras existencias,  tomamos la firme e irrevocable decisi\u00f3n de separarnos de sus filas\u00bb, afirmaron.<\/span><\/p>\n<\/p>\n<p><span class=\"text1noticias\">Agregaron que con esa renuncia dejan atr\u00e1s muchos a\u00f1os de lucha y sacrificios, pero tambi\u00e9n de sabor amargo y frustraciones, pero que a diferencia de otros que quieren verlo destruido, nosotros rogamos por que surja el buen juicio y entendimiento entre sus dirigentes a fin de que puedan sacar la organizaci\u00f3n de la profunda crisis en que la han sumergido.<\/span><\/p>\n<\/p>\n<p><span class=\"text1noticias\">Se\u00f1alan que dedicar\u00e1n el tiempo de vida pol\u00edtica que les queda, a contribuir con el desarrollo de una organizaci\u00f3n libre de \u00abdiatribas, intrigas, zancadillas y maledicencias, comprometida con el ejercicio decente, transparente y participativo del libre juego de las ideas y con real vocaci\u00f3n de poder, como lo es el MODA\u00bb.<\/span><\/p>\n<\/p>\n<p><span class=\"text1noticias\">Entre los renunciantes figuran Freddy Gonz\u00e1lez, Ex Miembro de la Comisi\u00f3n Pol\u00edtica y CEN; Daniel Lois Carvajal, Ex Alcalde del Municipio Sango Domingo Norte y miembro del CEN; Radhames Rivas Miembro de la Comisi\u00f3n Nacional de Finanzas; Robert Matos, Regidor PRD, Municipio Santo Domingo Este? Luis Gabo, regidor Municipio Montecristi.<\/span><\/p>\n<\/p>\n<p><span class=\"text1noticias\">Tambi\u00e9n Luis Hern\u00e1ndez , Miembro del CEN y Vicepresidente Zona C; Jos\u00e9 Quezada, Secretario Organizaci\u00f3n Municipio San Jos\u00e9 de las Matas; Licenciado Augusto Cesar Dom\u00ednguez, Presidente Zona C Distrito Nacional; Frank Herasme, Dirigente Nacional; Danilo D\u00edaz, Director Organizaci\u00f3n Regir Sur; Winston Alberto Ozuna Berroa, Vicepresidente Zona N y Jos\u00e9 Dotel S\u00e1nchez, Vicepresidente Zona E.<\/span><\/p>\n<h6> 2014-07-24 20:07:49 <\/h6>\n<p><!--\n<link rel=\"stylesheet\" href=\"css\/bootstrap.min.css\">\n\n\n<ul class=\"pagination\">\n\t    \n\t\n\n<li >\n\t<a href='?page_no=14979'>Previous<\/a>\n\t<\/li>\n\n\n       \n    \n\n<li><a href='?page_no=1'>1<\/a><\/li>\n\n\n\n<li><a href='?page_no=2'>2<\/a><\/li>\n\n\n\n<li><a>...<\/a><\/li>\n\n\n\n<li><a href='?page_no=14978'>14978<\/a><\/li>\n\n\n\n<li><a href='?page_no=14979'>14979<\/a><\/li>\n\n\n\n<li class='active'><a>14980<\/a><\/li>\n\n\n\n<li><a href='?page_no=14981'>14981<\/a><\/li>\n\n\n\n<li><a href='?page_no=14982'>14982<\/a><\/li>\n\n\n\n<li><a>...<\/a><\/li>\n\n\n\n<li><a href='?page_no=36999'>36999<\/a><\/li>\n\n\n\n<li><a href='?page_no=37000'>37000<\/a><\/li>\n\n    \n\t\n\n<li >\n\t<a href='?page_no=14981'>Next<\/a>\n\t<\/li>\n\n\n    \n\n<li><a href='?page_no=37000'>Last &rsaquo;&rsaquo;<\/a><\/li>\n\n<\/ul>\n\n\n--><br \/>\n<\/body><\/p>\n","protected":false},"excerpt":{"rendered":"<p>Santo Domingo, RD, 24 de julio.- Cerca de un centenar de dirigentes nacionales del Partido Revolucionario Dominicano (PRD) anunciaron su renuncia de esa organizaci\u00f3n y se juramentaron en el Movimiento Democr\u00e1tico Alternativo (MODA). El grupo fue juramentado por el presidente del Moda, Emilio Rivas. Argumentan que el PRD ha cumplido su ciclo hist\u00f3rico, y que [&hellip;]<\/p>\n","protected":false},"author":3,"featured_media":0,"comment_status":"open","ping_status":"open","sticky":false,"template":"","format":"standard","meta":{"footnotes":""},"categories":[22],"tags":[],"class_list":["post-162589","post","type-post","status-publish","format-standard","hentry","category-politica"],"_links":{"self":[{"href":"https:\/\/diariodominicano.com\/index.php?rest_route=\/wp\/v2\/posts\/162589","targetHints":{"allow":["GET"]}}],"collection":[{"href":"https:\/\/diariodominicano.com\/index.php?rest_route=\/wp\/v2\/posts"}],"about":[{"href":"https:\/\/diariodominicano.com\/index.php?rest_route=\/wp\/v2\/types\/post"}],"author":[{"embeddable":true,"href":"https:\/\/diariodominicano.com\/index.php?rest_route=\/wp\/v2\/users\/3"}],"replies":[{"embeddable":true,"href":"https:\/\/diariodominicano.com\/index.php?rest_route=%2Fwp%2Fv2%2Fcomments&post=162589"}],"version-history":[{"count":0,"href":"https:\/\/diariodominicano.com\/index.php?rest_route=\/wp\/v2\/posts\/162589\/revisions"}],"wp:attachment":[{"href":"https:\/\/diariodominicano.com\/index.php?rest_route=%2Fwp%2Fv2%2Fmedia&parent=162589"}],"wp:term":[{"taxonomy":"category","embeddable":true,"href":"https:\/\/diariodominicano.com\/index.php?rest_route=%2Fwp%2Fv2%2Fcategories&post=162589"},{"taxonomy":"post_tag","embeddable":true,"href":"https:\/\/diariodominicano.com\/index.php?rest_route=%2Fwp%2Fv2%2Ftags&post=162589"}],"curies":[{"name":"wp","href":"https:\/\/api.w.org\/{rel}","templated":true}]}}