{"id":162579,"date":"2014-07-26T17:14:26","date_gmt":"2014-07-26T17:14:26","guid":{"rendered":"http:\/\/diariodominicano.ddns.net\/?p=162579"},"modified":"2014-07-26T17:14:26","modified_gmt":"2014-07-26T17:14:26","slug":"miu-resalta-logros-de-cuba-61-anos-despues-del-asalto-al-cuartel-moncada","status":"publish","type":"post","link":"https:\/\/diariodominicano.com\/?p=162579","title":{"rendered":"MIU resalta logros de Cuba  61 a\u00f1os despu\u00e9s del Asalto al Cuartel Moncada"},"content":{"rendered":"<p><body><\/p>\n<p><img decoding=\"async\" src=\"img3\/migue 26.jpg\" \/><br \/><img decoding=\"async\" src=\"img3\/miu 26.jpg\" \/>  <\/p>\n<\/p>\n<p>Santo Domingo, R.D.-El Movimiento Izquierda Unida (MIU) conmemora este 26 de julio el 61 Aniversario del Asalto al Cuartel Moncada en Cuba, un episodio que conforme valora la organizaci\u00f3n que lidera el Ministro para Pol\u00edticas de Integraci\u00f3n Regional dominicano, Miguel Mej\u00eda, los avances de la revoluci\u00f3n cubana en la salud, educaci\u00f3n, deportes y en las ciencias son palpables a pesar del criminal bloqueo norteamericano dirigido a crear sufrimiento y desesperaci\u00f3n.<\/p>\n<\/p>\n<p>Resalt\u00f3 que el profundo nivel de conciencia y el amor a su patria ha permitido al pueblo cubano resistir y enfrentar un bloqueo inhumano y poner en marcha iniciativas de defensa a la revoluci\u00f3n.<\/p>\n<\/p>\n<p>Colocamos de manera \u00edntegra el Texto que con ocasi\u00f3n de tan importante fecha conmemorativa, ha preparado la Comisi\u00f3n Pol\u00edtica del MIU en pos de mantener el nivel de conciencia revolucionaria en la humanidad progresista y los pueblos del mundo que luchan por un futuro mejor:<\/p>\n<p><strong> <\/strong><\/p>\n<p><strong>POR EL 61 ANIVERSARIO DEL ASALTO AL CUARTEL MONCADA<\/strong><\/p>\n<\/p>\n<p>\u00abCuba socialista, la misma isla resistente que ha podido salvar su proyecto nacional independiente enfrentando d\u00e9cadas de agresiones y hostilidades de sucesivos Gobiernos norteamericanos, celebra hoy, 26 de julio, el 61 aniversario de la gloriosa gesta del Moncada. Con ella conmemora tan se\u00f1alada fecha la humanidad progresista y los pueblos del mundo que luchan por un futuro mejor.<\/p>\n<p>\u00abEl pueblo cubano llega a esta conmemoraci\u00f3n con la satisfacci\u00f3n del deber cumplido, en el trabajo, en la defensa, en el estudio. Los avances de Cuba en la salud, en la educaci\u00f3n, en el deporte, en las ciencias, son palpables, a pesar del criminal bloqueo norteamericano dirigido a crear sufrimiento y desesperaci\u00f3n. La conciencia, la cultura pol\u00edtica y la cultura general de los cubanos han logrado frustrar los planes maquiav\u00e9licos del imperio, uniendo mucho m\u00e1s a la naci\u00f3n. Pocas veces en la historia humana se ha dado semejante ejemplo de dignidad y  patriotismo.<\/p>\n<p>\u00abEse profundo nivel de conciencia, el amor a su patria ha permitido al pueblo cubano resistir y enfrentar un bloqueo inhumano y poner en marcha iniciativas de defensa a la revoluci\u00f3n.<\/p>\n<p>\u00abEl proceso de actualizaci\u00f3n del modelo econ\u00f3mico cubano no significa la renuncia al socialismo, ni el regreso a un pasado capitalista ignominioso, sino el perfeccionamiento de los mecanismos  productivos que hagan al pa\u00eds m\u00e1s eficiente, m\u00e1s auto sostenible y m\u00e1s capaz de seguir garantizando la justicia social para todos. La creatividad, en este caso, va unida a la alta conciencia de la responsabilidad que entra\u00f1a cada paso a dar, ante la permanente hostilidad del Gobierno de los Estados Unidos.<\/p>\n<p>\u00abHace 61 a\u00f1os, la heroica Generaci\u00f3n del Centenario, encabezada por Fidel Castro, rindi\u00f3 el mejor de los homenajes posibles a la conmemoraci\u00f3n de los cien a\u00f1os del natalicio del ap\u00f3stol Jos\u00e9 Mart\u00ed. Con entereza y esp\u00edritu de sacrificio, asalt\u00f3 la segunda fortaleza m\u00e1s importante del pa\u00eds y, como dijera el propio Fidel en su alegato de defensa conocido como \u00abLa Historia me absolver\u00e1\u00bb, fue a morir junto a Mart\u00ed, \u00aben gesto de magn\u00edfico desagravio\u00bb. Desde entonces, Cuba y Am\u00e9rica Latina no son las mismas.<\/p>\n<p>\u00abEl asalto al Moncada, el 26 de Julio de 1953,  marc\u00f3 el inicio de la definitiva liberaci\u00f3n del pa\u00eds de manos de las oligarqu\u00edas criollas y el imperialismo norteamericano. En apenas cinco a\u00f1os, la semilla sembrada en Santiago de Cuba y regada con la sangre generosa de h\u00e9roes y m\u00e1rtires, dio los frutos esperados: el 1 de enero de 1959 el pa\u00eds amaneci\u00f3 liberado de dictaduras y tutelas for\u00e1neas, iniciando un proceso revolucionario profundo, que perdura hasta nuestros d\u00edas.<\/p>\n<p>\u00abMuchas han sido las p\u00e1ginas de hero\u00edsmo y sacrifico escritas por el pueblo cubano, a lo larga de este proceso, pero en todas ellas ha quedado estampada la huella de los iniciadores, de aquellos j\u00f3venes que lo dieron todo por la felicidad de su pueblo junto a los muros de la fortaleza del Moncada.<\/p>\n<p>\u00abA pesar del acoso yanqui, la semilla del Moncada fructific\u00f3 tambi\u00e9n en lo profundo del continente. Hoy las naciones latinoamericanas protagonizan  una experiencia  \u00fanica, la de construir modelos alternativos al dominio y las injusticias capitalistas y ello no hubiese sido posible sin esta gesta.<\/p>\n<p>\u00abPara el heroico pueblo dominicano, vencedor de la epopeya libertaria de abril de 1965; para los descendientes de independentistas y restauradores; para los seguidores de la lucha antitrujillista por la libertad, siempre solidario con la Revoluci\u00f3n cubana, este nuevo aniversario del Moncada es motivo de regocijo y de compromiso renovado.<\/p>\n<p>\u00abEn esta fecha, como cada a\u00f1o, testimoniamos nuestro respeto y reconocimiento por el abnegado pueblo cubano y patentizamos la solidaridad que nos une, en la lucha por un futuro mejor\u00bb.<\/p>\n<\/p>\n<p>Siempre con Cuba revolucionaria y socialista!<\/p>\n<p>Siempre en la misma trinchera de la historia!<\/p>\n<p>\u00a1Que viva el 61 aniversario de la gesta del Moncada!<\/p>\n<\/p>\n<p>COMISI\u00d3N POL\u00cdTICA.<\/p>\n<h6> 2014-07-26 17:14:26 <\/h6>\n<p><!--\n<link rel=\"stylesheet\" href=\"css\/bootstrap.min.css\">\n\n\n<ul class=\"pagination\">\n\t    \n\t\n\n<li >\n\t<a href='?page_no=14970'>Previous<\/a>\n\t<\/li>\n\n\n       \n    \n\n<li><a href='?page_no=1'>1<\/a><\/li>\n\n\n\n<li><a href='?page_no=2'>2<\/a><\/li>\n\n\n\n<li><a>...<\/a><\/li>\n\n\n\n<li><a href='?page_no=14969'>14969<\/a><\/li>\n\n\n\n<li><a href='?page_no=14970'>14970<\/a><\/li>\n\n\n\n<li class='active'><a>14971<\/a><\/li>\n\n\n\n<li><a href='?page_no=14972'>14972<\/a><\/li>\n\n\n\n<li><a href='?page_no=14973'>14973<\/a><\/li>\n\n\n\n<li><a>...<\/a><\/li>\n\n\n\n<li><a href='?page_no=36999'>36999<\/a><\/li>\n\n\n\n<li><a href='?page_no=37000'>37000<\/a><\/li>\n\n    \n\t\n\n<li >\n\t<a href='?page_no=14972'>Next<\/a>\n\t<\/li>\n\n\n    \n\n<li><a href='?page_no=37000'>Last &rsaquo;&rsaquo;<\/a><\/li>\n\n<\/ul>\n\n\n--><br \/>\n<\/body><\/p>\n","protected":false},"excerpt":{"rendered":"<p>Santo Domingo, R.D.-El Movimiento Izquierda Unida (MIU) conmemora este 26 de julio el 61 Aniversario del Asalto al Cuartel Moncada en Cuba, un episodio que conforme valora la organizaci\u00f3n que lidera el Ministro para Pol\u00edticas de Integraci\u00f3n Regional dominicano, Miguel Mej\u00eda, los avances de la revoluci\u00f3n cubana en la salud, educaci\u00f3n, deportes y en las [&hellip;]<\/p>\n","protected":false},"author":3,"featured_media":0,"comment_status":"open","ping_status":"open","sticky":false,"template":"","format":"standard","meta":{"footnotes":""},"categories":[22],"tags":[],"class_list":["post-162579","post","type-post","status-publish","format-standard","hentry","category-politica"],"_links":{"self":[{"href":"https:\/\/diariodominicano.com\/index.php?rest_route=\/wp\/v2\/posts\/162579","targetHints":{"allow":["GET"]}}],"collection":[{"href":"https:\/\/diariodominicano.com\/index.php?rest_route=\/wp\/v2\/posts"}],"about":[{"href":"https:\/\/diariodominicano.com\/index.php?rest_route=\/wp\/v2\/types\/post"}],"author":[{"embeddable":true,"href":"https:\/\/diariodominicano.com\/index.php?rest_route=\/wp\/v2\/users\/3"}],"replies":[{"embeddable":true,"href":"https:\/\/diariodominicano.com\/index.php?rest_route=%2Fwp%2Fv2%2Fcomments&post=162579"}],"version-history":[{"count":0,"href":"https:\/\/diariodominicano.com\/index.php?rest_route=\/wp\/v2\/posts\/162579\/revisions"}],"wp:attachment":[{"href":"https:\/\/diariodominicano.com\/index.php?rest_route=%2Fwp%2Fv2%2Fmedia&parent=162579"}],"wp:term":[{"taxonomy":"category","embeddable":true,"href":"https:\/\/diariodominicano.com\/index.php?rest_route=%2Fwp%2Fv2%2Fcategories&post=162579"},{"taxonomy":"post_tag","embeddable":true,"href":"https:\/\/diariodominicano.com\/index.php?rest_route=%2Fwp%2Fv2%2Ftags&post=162579"}],"curies":[{"name":"wp","href":"https:\/\/api.w.org\/{rel}","templated":true}]}}