{"id":162578,"date":"2014-07-26T17:37:04","date_gmt":"2014-07-26T17:37:04","guid":{"rendered":"http:\/\/diariodominicano.ddns.net\/?p=162578"},"modified":"2014-07-26T17:37:04","modified_gmt":"2014-07-26T17:37:04","slug":"juan-pablo-duarte-y-juan-bosch-en-sus-respectivos-siglos-son-padres-de-la-formacion-politica-en-rd","status":"publish","type":"post","link":"https:\/\/diariodominicano.com\/?p=162578","title":{"rendered":"Juan Pablo Duarte y Juan Bosch, en sus respectivos siglos, son \u00abPadres de la Formaci\u00f3n Pol\u00edtica\u00bb en RD"},"content":{"rendered":"<p><body><\/p>\n<p><img decoding=\"async\" src=\"img3\/Alejandrina.jpg\" \/>  <\/p>\n<p><span class=\"text1noticias\">Santo Domingo, RD, 26 de Julio.-Alejandrina Germ\u00e1n, integrante del Comit\u00e9 Pol\u00edtico del Partido de la Liberaci\u00f3n Dominicana (PLD), al encabezar el Seminario en Santiago, dijo que Juan Pablo Duarte y Juan Bosch pueden ser considerados \u00abPadres de la Formaci\u00f3n Pol\u00edtica\u00bb, respectivamente, durante los siglos XIX y XX.<\/span><\/p>\n<p><span class=\"text1noticias\"> <\/span><\/p>\n<p><span class=\"text1noticias\">\u00abEsos dos seres paradigmaticos adem\u00e1s de coincidir en su primer nombre, tambi\u00e9n coinciden en su vocaci\u00f3n patri\u00f3tica expresada con palabra y hechos en procura de la participaci\u00f3n y formaci\u00f3n pol\u00edtica de sus contempor\u00e1neos\u00bb, enfatiz\u00f3 la tambi\u00e9n titular de la Secretar\u00eda de Formaci\u00f3n Pol\u00edtica del PLD haciendo alusi\u00f3n al D\u00eda de los Padres a celebrarse este domingo 27 de julio.<\/span><\/p>\n<p><span class=\"text1noticias\"> <\/span><\/p>\n<p><span class=\"text1noticias\">\u00abDe hecho tampoco es pura coincidencia que el Juan \u00abPadre de la Patria\u00bb gestara su proyecto de naci\u00f3n desde organizaciones como La Trinitaria y La Filantr\u00f3pica; en tanto que nuestro Juan,  m\u00e1s pr\u00f3ximo en el tiempo, canaliz\u00f3 similares inquietudes inicialmente en Costa Rica en el Instituto de las Am\u00e9ricas.  Al retornar al pa\u00eds de su exilio antitrujillista, inicialmente con el Partido Revolucionario Dominicano y luego con el Partido de la Liberaci\u00f3n Dominicana, que \u00e9l mismo bautiz\u00f3 como Un Partido \u00danico en Am\u00e9rica\u00bb, agreg\u00f3 la dirigente pol\u00edtica la ma\u00f1ana del s\u00e1bado en rese\u00f1a divulgada por la Secretar\u00eda de Comunicaciones del PLD.<\/span><\/p>\n<p><span class=\"text1noticias\"> <\/span><\/p>\n<p><span class=\"text1noticias\">La consideraci\u00f3n de Juan Pablo Duarte y Juan Bosch como \u00abPadres de la Formaci\u00f3n Pol\u00edtica\u00bb en los dos siglos precedentes al actual, se produjo durante la ponencia de Alejandrina Germ\u00e1n en el Seminario \u00abHacia una Nueva Visi\u00f3n de la Formaci\u00f3n Pol\u00edtica\u00bb, en el que participaron dirigentes y autoridades pelede\u00edstas de las provincias de Santiago, Espaillat y Puerto Plata.<\/span><\/p>\n<p><span class=\"text1noticias\"> <\/span><\/p>\n<p><span class=\"text1noticias\"><strong>El PLD un Partido con m\u00e9todo para formar sus dirigentes<\/strong><\/span><\/p>\n<p><span class=\"text1noticias\"> <\/span><\/p>\n<p><span class=\"text1noticias\">Correspondi\u00f3 a Julio Cesar Valent\u00edn, Presidente del Comit\u00e9 Provincial de Santiago, ofrecer la bienvenida a los dirigentes de las provincias convocadas y al equipo de la Secretar\u00eda de Formaci\u00f3n Pol\u00edtica por impartir el seminario en esa plaza.<\/span><\/p>\n<p><span class=\"text1noticias\"> <\/span><\/p>\n<p><span class=\"text1noticias\">El tambi\u00e9n senador de Santiago emiti\u00f3 palabras de elogios al programa de Formaci\u00f3n Pol\u00edtica y a la entrega de los integrantes de ese \u00f3rgano, quienes se est\u00e1n desplazando en toda la geograf\u00eda nacional impartiendo el seminario.<\/span><\/p>\n<p><span class=\"text1noticias\"> <\/span><\/p>\n<p><span class=\"text1noticias\">En sus palabras Valent\u00edn destac\u00f3 que el PLD, al igual que la iglesia y la milicia, tiene un m\u00e9todo de formaci\u00f3n de sus dirigentes, lo que ha permitido que las ense\u00f1anzas originarias, se mantengan con el tiempo.  <\/span><\/p>\n<p><span class=\"text1noticias\"> <\/span><\/p>\n<p><span class=\"text1noticias\">Destac\u00f3 que la v\u00eda mas id\u00f3nea para  que el Partido de la Liberaci\u00f3n Dominicana pueda  seguir captando las simpat\u00edas de la poblaci\u00f3n es formando y educando a sus dirigentes en pol\u00edtica<\/span><\/p>\n<p><span class=\"text1noticias\"> <\/span><\/p>\n<p><span class=\"text1noticias\">\u00abLa formaci\u00f3n es el mecanismo, mediante el cual  se comprender\u00e1 que la actividad pol\u00edtica no es solo movimientos pr\u00e1cticos, sino que es acci\u00f3n amparada en una comprensi\u00f3n de los procesos,  actores  y las instituciones de la democracia y de la pol\u00edtica en general\u00bb dijo Valent\u00edn, precisando que la formaci\u00f3n del militante es fundamental, \u00abes un imperativo inaplazable del Partido\u00bb concluy\u00f3<\/span><\/p>\n<p><span class=\"text1noticias\"> <\/span><\/p>\n<p><span class=\"text1noticias\">En la mesa de honor junto a Alejandrina Germ\u00e1n y Julio Cesar Valentin estaban los tambi\u00e9n senadores Jose Rafael Vargas y Francis Vargas, encabezando las delegaciones de Espaillat y Puerto Plata respectivamente, asi como los expositores de la Secretar\u00eda organizadora del seminario.<\/span><\/p>\n<p><span class=\"text1noticias\"> <\/span><\/p>\n<p><span class=\"text1noticias\">El sal\u00f3n de acto de la UASD en Santiago estaba totalmente abarrotado de presidente de Comit\u00e9s Provinciales, Municipales, Intermedios y autoridades electas, as\u00ed como los encargados de Formaci\u00f3n Pol\u00edtica de esos organismos<\/span><\/p>\n<p><span class=\"text1noticias\"> <\/span><\/p>\n<p><span class=\"text1noticias\">En jornada   vespertina el referido seminario tuvo por sede la provincia natal del Profesor Juan Bosch, La Vega, y all\u00ed acudieron los dirigentes y autoridades locales del PLD, as\u00ed como de las provincias Monse\u00f1or Nouel y S\u00e1nchez Ram\u00edrez.<\/span><\/p>\n<p><span class=\"text1noticias\"> <\/span><\/p>\n<p><span class=\"text1noticias\">A los seminarios regionales \u00abHacia una Nueva Visi\u00f3n de la Formaci\u00f3n Pol\u00edtica\u00bb son convocados las y los presidentes de comit\u00e9s provinciales, municipales, distritales, de circunscripciones electorales; adem\u00e1s los titulares de Formaci\u00f3n Pol\u00edtica de esas demarcaciones, las y los miembros del Comit\u00e9 Central, y dirigentes peledeistas representantes ante las C\u00e1maras Legislativas, las alcald\u00edas y otros \u00e1mbitos.(HG)<\/span>.<\/p>\n<h6> 2014-07-26 17:37:04 <\/h6>\n<p><!--\n<link rel=\"stylesheet\" href=\"css\/bootstrap.min.css\">\n\n\n<ul class=\"pagination\">\n\t    \n\t\n\n<li >\n\t<a href='?page_no=14969'>Previous<\/a>\n\t<\/li>\n\n\n       \n    \n\n<li><a href='?page_no=1'>1<\/a><\/li>\n\n\n\n<li><a href='?page_no=2'>2<\/a><\/li>\n\n\n\n<li><a>...<\/a><\/li>\n\n\n\n<li><a href='?page_no=14968'>14968<\/a><\/li>\n\n\n\n<li><a href='?page_no=14969'>14969<\/a><\/li>\n\n\n\n<li class='active'><a>14970<\/a><\/li>\n\n\n\n<li><a href='?page_no=14971'>14971<\/a><\/li>\n\n\n\n<li><a href='?page_no=14972'>14972<\/a><\/li>\n\n\n\n<li><a>...<\/a><\/li>\n\n\n\n<li><a href='?page_no=36999'>36999<\/a><\/li>\n\n\n\n<li><a href='?page_no=37000'>37000<\/a><\/li>\n\n    \n\t\n\n<li >\n\t<a href='?page_no=14971'>Next<\/a>\n\t<\/li>\n\n\n    \n\n<li><a href='?page_no=37000'>Last &rsaquo;&rsaquo;<\/a><\/li>\n\n<\/ul>\n\n\n--><br \/>\n<\/body><\/p>\n","protected":false},"excerpt":{"rendered":"<p>Santo Domingo, RD, 26 de Julio.-Alejandrina Germ\u00e1n, integrante del Comit\u00e9 Pol\u00edtico del Partido de la Liberaci\u00f3n Dominicana (PLD), al encabezar el Seminario en Santiago, dijo que Juan Pablo Duarte y Juan Bosch pueden ser considerados \u00abPadres de la Formaci\u00f3n Pol\u00edtica\u00bb, respectivamente, durante los siglos XIX y XX. \u00abEsos dos seres paradigmaticos adem\u00e1s de coincidir en [&hellip;]<\/p>\n","protected":false},"author":3,"featured_media":0,"comment_status":"open","ping_status":"open","sticky":false,"template":"","format":"standard","meta":{"footnotes":""},"categories":[22],"tags":[],"class_list":["post-162578","post","type-post","status-publish","format-standard","hentry","category-politica"],"_links":{"self":[{"href":"https:\/\/diariodominicano.com\/index.php?rest_route=\/wp\/v2\/posts\/162578","targetHints":{"allow":["GET"]}}],"collection":[{"href":"https:\/\/diariodominicano.com\/index.php?rest_route=\/wp\/v2\/posts"}],"about":[{"href":"https:\/\/diariodominicano.com\/index.php?rest_route=\/wp\/v2\/types\/post"}],"author":[{"embeddable":true,"href":"https:\/\/diariodominicano.com\/index.php?rest_route=\/wp\/v2\/users\/3"}],"replies":[{"embeddable":true,"href":"https:\/\/diariodominicano.com\/index.php?rest_route=%2Fwp%2Fv2%2Fcomments&post=162578"}],"version-history":[{"count":0,"href":"https:\/\/diariodominicano.com\/index.php?rest_route=\/wp\/v2\/posts\/162578\/revisions"}],"wp:attachment":[{"href":"https:\/\/diariodominicano.com\/index.php?rest_route=%2Fwp%2Fv2%2Fmedia&parent=162578"}],"wp:term":[{"taxonomy":"category","embeddable":true,"href":"https:\/\/diariodominicano.com\/index.php?rest_route=%2Fwp%2Fv2%2Fcategories&post=162578"},{"taxonomy":"post_tag","embeddable":true,"href":"https:\/\/diariodominicano.com\/index.php?rest_route=%2Fwp%2Fv2%2Ftags&post=162578"}],"curies":[{"name":"wp","href":"https:\/\/api.w.org\/{rel}","templated":true}]}}