{"id":162575,"date":"2014-07-27T17:34:56","date_gmt":"2014-07-27T17:34:56","guid":{"rendered":"http:\/\/diariodominicano.ddns.net\/?p=162575"},"modified":"2014-07-27T17:34:56","modified_gmt":"2014-07-27T17:34:56","slug":"montas-afirma-el-desarrollo-pasa-por-una-cultura-de-respeto-a-las-leyes","status":"publish","type":"post","link":"https:\/\/diariodominicano.com\/?p=162575","title":{"rendered":"Mont\u00e1s afirma el desarrollo pasa por una cultura de respeto a las leyes"},"content":{"rendered":"<p><body><\/p>\n<p><img decoding=\"async\" src=\"img3\/jovenes 27.jpg\" \/>  <\/p>\n<p>Santo Domingo RD 27 julio.- El precandidato presidencial del Partido de la Liberaci\u00f3n Dominicana (PLD), ingeniero Tem\u00edstoclesMont\u00e1s, afirm\u00f3 que la \u00fanica posibilidad de desarrollo que tiene la Rep\u00fablica Dominicana es asumiendo una cultura colectiva de respeto a las leyes y de fortalecimiento de las instituciones para que no sean sustituidas por gente que se cree providencial.<\/p>\n<\/p>\n<p>El dirigente pol\u00edtico se\u00f1al\u00f3 que los pa\u00edses que han logrado vencer la pobreza y avanzar hacia el desarrollo son los que han que han creado una conciencia de respeto a las leyes en su poblaci\u00f3n.<\/p>\n<\/p>\n<p>Al dictar una conferencia ante decenas de j\u00f3venes estudiantes que se congregaron en la Escuela Profesor Juan Bosch, en el sector La Puya, del Distrito Nacional, Mont\u00e1s explic\u00f3 que est\u00e1 suficientemente documentado en todo el mundo que las personas y las corporaciones con mucho dinero solo lo invierten en pa\u00edses donde se respeta la ley y no se cambian las reglas del juego.<\/p>\n<\/p>\n<p>Mont\u00e1s dict\u00f3 la conferencia \u00abLos Valores\u00bb invitado por la Fundaci\u00f3n \u00abGotitas de Miel\u00bb que dirige el se\u00f1or Juan Ceballos. La escuela grad\u00faa bachilleres en carreras t\u00e9cnicas, incluso a nivel de contabilidad y farmacia, inform\u00f3 en una nota la oficina de prensa del proyecto presidencial Temo Mont\u00e1s.<\/p>\n<\/p>\n<p>\u00abSi nosotros queremos desarrollar este pa\u00eds, tenemos que entender que las leyes tienen que ser leyes, y eso no solo tiene que ver con los ciudadanos, sino tambi\u00e9n con los que gobiernan porque en ocasiones se convierten en los principales violadores de las leyes del pa\u00eds\u00bb, manifest\u00f3 el tambi\u00e9n ministro de Econom\u00eda, Planificaci\u00f3n y Desarrollo.<\/p>\n<\/p>\n<p>Para ilustrar el grado de respeto de las leyes, Mont\u00e1s cit\u00f3 que Al Gore, siendo vicepresidente de Estados Unidos, conduc\u00eda su veh\u00edculo por una v\u00eda en la que la velocidad era de 35 millas por hora y el corr\u00eda a 45 millas por hora. Una unidad de la Polic\u00eda lo detuvo y le pidi\u00f3 sus documentos, le puso una multa y el vicepresidente le pregunta al agente si no sabe qui\u00e9n es \u00e9l. El polic\u00eda le respondi\u00f3: \u00abS\u00ed, yo s\u00e9 que usted es Al Gore, el vicepresidente de Estados Unidos, pero usted viol\u00f3 la ley\u00bb.<\/p>\n<\/p>\n<p>\u00abEso es lo que se llama un Estado de derecho, donde no importa qui\u00e9n sea el violador de la ley, tiene que someterse y pagar su falta de respeto a la ley\u00bb, apunt\u00f3 Mont\u00e1s al tiempo que agreg\u00f3 que esa es su mayor aspiraci\u00f3n cuando sea el Presidente de la Rep\u00fablica.<\/p>\n<\/p>\n<p>Afirm\u00f3 que para que se aplique la ley y se respeten las instituciones las personas tienen que tener valores como la honestidad, la responsabilidad, la seriedad, la solidaridad, porque nadie garantiza que se aplique la ley si quienes tienen que hacerlo son ladrones, asaltantes e irresponsables.<\/p>\n<\/p>\n<p>Por igual Mont\u00e1s cit\u00f3 que una ciudadana alemana casada con un funcionario del Ministerio de Econom\u00eda siempre dice que la diferencia entre Alemania Rep\u00fablicaDominicana es que en la naci\u00f3n europea las leyes son de obligatorio cumplimiento, mientras que en esta naci\u00f3n antillana son solo sugerencias.<\/p>\n<\/p>\n<p>Al referirse al ejercicio de la pol\u00edtica, el alto dirigente del PLD manifest\u00f3 que este debe sustentarse en valores y cit\u00f3 a Bosch que al regresar al pa\u00eds del exilio inici\u00f3 una lucha sustentada en la libertad, que se ha conquistado a costa de mucho sacrificio, muerte, represi\u00f3n.<\/p>\n<\/p>\n<p>Agreg\u00f3 que Bosch enarbol\u00f3 la lucha por la justicia social porque siendo un pa\u00eds muy pobre, no se pod\u00eda disfrutar de la libertad sin justicia social.<\/p>\n<\/p>\n<p>\u00abLa bandera de la lucha por la justicia social fue fundamental porque la desigualdad era y es muy grande\u00bb, indic\u00f3 Mont\u00e1s, quien manifest\u00f3 que \u00abahora la meta es convertir la mayor\u00eda de la poblaci\u00f3n que es pobre en mayor\u00eda de clase media para que pueda disfrutar de condiciones de vida mejor\u00bb.<\/p>\n<\/p>\n<p>Record\u00f3 que democracia no es solo derecho al voto, porque ella solo existe donde se garantizan los derechos civiles y econ\u00f3micos de la poblaci\u00f3n.<\/p>\n<\/p>\n<p>Agreg\u00f3 que la poblaci\u00f3n tiene que reclamar a los gobiernos que cumplan con los derechos econ\u00f3micos y sociales.<\/p>\n<p>Mont\u00e1s advirti\u00f3 a la juventud que la democracia no se puede sustentar en caudillos que se creen imprescindibles e insustituibles, provocando graves problemas al pa\u00eds porque ponen al pueblo a girar en torno a ellos, no en torno a las instituciones.<\/p>\n<\/p>\n<p>\u00abEllos sustituyen las leyes por su voluntad, cuando ellos desaparecen y el pa\u00eds queda sin instituciones, entra el desorden, se pierde la soberan\u00eda\u00bb, manifest\u00f3 el dirigente pelede\u00edsta.<\/p>\n<\/p>\n<p>Dijo que para que el pa\u00eds avance el pueblo no puede confiar en hombres que se creen providenciales, sino en liderazgos nuevos, que se renuevan constantemente, fortaleciendo las instituciones.<\/p>\n<\/p>\n<p>Mont\u00e1s manifest\u00f3 que est\u00e1 comprometido a \u00abhacer de la pol\u00edtica una actividad decente que no tenga nada que ver con los ladrones\u00bb.<\/p>\n<\/p>\n<p>En ese aspecto elogi\u00f3 la honestidad con que Danilo Medina ejerce la presidencia de la Rep\u00fablica y prometi\u00f3 continuarlo en el 2016 con el gobierno que espera encabezar, que ser\u00e1 matizado por acciones responsables, apegadas a las leyes y al respeto de las instituciones.<\/p>\n<h6> 2014-07-27 17:34:56 <\/h6>\n<p><!--\n<link rel=\"stylesheet\" href=\"css\/bootstrap.min.css\">\n\n\n<ul class=\"pagination\">\n\t    \n\t\n\n<li >\n\t<a href='?page_no=14967'>Previous<\/a>\n\t<\/li>\n\n\n       \n    \n\n<li><a href='?page_no=1'>1<\/a><\/li>\n\n\n\n<li><a href='?page_no=2'>2<\/a><\/li>\n\n\n\n<li><a>...<\/a><\/li>\n\n\n\n<li><a href='?page_no=14966'>14966<\/a><\/li>\n\n\n\n<li><a href='?page_no=14967'>14967<\/a><\/li>\n\n\n\n<li class='active'><a>14968<\/a><\/li>\n\n\n\n<li><a href='?page_no=14969'>14969<\/a><\/li>\n\n\n\n<li><a href='?page_no=14970'>14970<\/a><\/li>\n\n\n\n<li><a>...<\/a><\/li>\n\n\n\n<li><a href='?page_no=36999'>36999<\/a><\/li>\n\n\n\n<li><a href='?page_no=37000'>37000<\/a><\/li>\n\n    \n\t\n\n<li >\n\t<a href='?page_no=14969'>Next<\/a>\n\t<\/li>\n\n\n    \n\n<li><a href='?page_no=37000'>Last &rsaquo;&rsaquo;<\/a><\/li>\n\n<\/ul>\n\n\n--><br \/>\n<\/body><\/p>\n","protected":false},"excerpt":{"rendered":"<p>Santo Domingo RD 27 julio.- El precandidato presidencial del Partido de la Liberaci\u00f3n Dominicana (PLD), ingeniero Tem\u00edstoclesMont\u00e1s, afirm\u00f3 que la \u00fanica posibilidad de desarrollo que tiene la Rep\u00fablica Dominicana es asumiendo una cultura colectiva de respeto a las leyes y de fortalecimiento de las instituciones para que no sean sustituidas por gente que se cree [&hellip;]<\/p>\n","protected":false},"author":3,"featured_media":0,"comment_status":"open","ping_status":"open","sticky":false,"template":"","format":"standard","meta":{"footnotes":""},"categories":[22],"tags":[],"class_list":["post-162575","post","type-post","status-publish","format-standard","hentry","category-politica"],"_links":{"self":[{"href":"https:\/\/diariodominicano.com\/index.php?rest_route=\/wp\/v2\/posts\/162575","targetHints":{"allow":["GET"]}}],"collection":[{"href":"https:\/\/diariodominicano.com\/index.php?rest_route=\/wp\/v2\/posts"}],"about":[{"href":"https:\/\/diariodominicano.com\/index.php?rest_route=\/wp\/v2\/types\/post"}],"author":[{"embeddable":true,"href":"https:\/\/diariodominicano.com\/index.php?rest_route=\/wp\/v2\/users\/3"}],"replies":[{"embeddable":true,"href":"https:\/\/diariodominicano.com\/index.php?rest_route=%2Fwp%2Fv2%2Fcomments&post=162575"}],"version-history":[{"count":0,"href":"https:\/\/diariodominicano.com\/index.php?rest_route=\/wp\/v2\/posts\/162575\/revisions"}],"wp:attachment":[{"href":"https:\/\/diariodominicano.com\/index.php?rest_route=%2Fwp%2Fv2%2Fmedia&parent=162575"}],"wp:term":[{"taxonomy":"category","embeddable":true,"href":"https:\/\/diariodominicano.com\/index.php?rest_route=%2Fwp%2Fv2%2Fcategories&post=162575"},{"taxonomy":"post_tag","embeddable":true,"href":"https:\/\/diariodominicano.com\/index.php?rest_route=%2Fwp%2Fv2%2Ftags&post=162575"}],"curies":[{"name":"wp","href":"https:\/\/api.w.org\/{rel}","templated":true}]}}