{"id":162574,"date":"2014-07-27T18:17:11","date_gmt":"2014-07-27T18:17:11","guid":{"rendered":"http:\/\/diariodominicano.ddns.net\/?p=162574"},"modified":"2014-07-27T18:17:11","modified_gmt":"2014-07-27T18:17:11","slug":"precandidato-presidencial-del-pld-dice-nuevo-gobierno-debe-profundizar-politica-social","status":"publish","type":"post","link":"https:\/\/diariodominicano.com\/?p=162574","title":{"rendered":"Precandidato presidencial del PLD dice nuevo gobierno debe profundizar pol\u00edtica social"},"content":{"rendered":"<p><body><\/p>\n<p><img decoding=\"async\" src=\"img3\/rada 27.php.html\" \/>  <\/p>\n<p>Radham\u00e9s dice nuevo gobierno debe profundizar pol\u00edtica social<\/p>\n<\/p>\n<p>El aspirante presidencial por el Partido de la Liberaci\u00f3n Dominicana, Radham\u00e9s Segura, durante un acto en El\u00edas Pi\u00f1a<\/p>\n<p>ELIAS PI\u00d1A.- El aspirante presidencial por el Partido de la Liberaci\u00f3n Dominicana, Radham\u00e9s Segura, dijo que \u00e9l est\u00e1 preparado para desde la presidencia consolidar los cambios que demanda la sociedad dominicana de cara al futuro, para que cada ciudadano se sienta orgulloso de ser dominicano.<\/p>\n<p>Sostuvo que el nuevo gobierno dominicano debe profundizar una pol\u00edtica social cuya principal meta sea aumentar la producci\u00f3n y la productividad y encaminar la inversi\u00f3n hacia los sectores que produzcan una mayor generaci\u00f3n de empleos.<\/p>\n<p>Segura habl\u00f3 del tema al encabezar un acto de presentaci\u00f3n de su equipo de Trabajo aqu\u00ed, en el que precis\u00f3 que desde el gobierno se concentrar\u00e1 en establecer una pol\u00edtica dirigida al pleno empleo para que los dominicanos en edad productiva puedan aplicar sus habilidades.<\/p>\n<p>Signific\u00f3 que se han logrado cambios en los gobiernos encabezados por el PLD, pero que \u00e9stos deben ser profundizados hacia un m\u00e1s amplio abanico de la poblaci\u00f3n.<\/p>\n<p>Dijo que la mayor\u00eda de los peledeistas est\u00e1n demandando mayores oportunidades y que \u00e9l est\u00e1 listo para encabezar el cambio que requiere la base del PLD para que esta no termine totalmente defraudada  por sus principales dirigentes.<\/p>\n<h6> 2014-07-27 18:17:11 <\/h6>\n<p><!--\n<link rel=\"stylesheet\" href=\"css\/bootstrap.min.css\">\n\n\n<ul class=\"pagination\">\n\t    \n\t\n\n<li >\n\t<a href='?page_no=14966'>Previous<\/a>\n\t<\/li>\n\n\n       \n    \n\n<li><a href='?page_no=1'>1<\/a><\/li>\n\n\n\n<li><a href='?page_no=2'>2<\/a><\/li>\n\n\n\n<li><a>...<\/a><\/li>\n\n\n\n<li><a href='?page_no=14965'>14965<\/a><\/li>\n\n\n\n<li><a href='?page_no=14966'>14966<\/a><\/li>\n\n\n\n<li class='active'><a>14967<\/a><\/li>\n\n\n\n<li><a href='?page_no=14968'>14968<\/a><\/li>\n\n\n\n<li><a href='?page_no=14969'>14969<\/a><\/li>\n\n\n\n<li><a>...<\/a><\/li>\n\n\n\n<li><a href='?page_no=36999'>36999<\/a><\/li>\n\n\n\n<li><a href='?page_no=37000'>37000<\/a><\/li>\n\n    \n\t\n\n<li >\n\t<a href='?page_no=14968'>Next<\/a>\n\t<\/li>\n\n\n    \n\n<li><a href='?page_no=37000'>Last &rsaquo;&rsaquo;<\/a><\/li>\n\n<\/ul>\n\n\n--><br \/>\n<\/body><\/p>\n","protected":false},"excerpt":{"rendered":"<p>Radham\u00e9s dice nuevo gobierno debe profundizar pol\u00edtica social El aspirante presidencial por el Partido de la Liberaci\u00f3n Dominicana, Radham\u00e9s Segura, durante un acto en El\u00edas Pi\u00f1a ELIAS PI\u00d1A.- El aspirante presidencial por el Partido de la Liberaci\u00f3n Dominicana, Radham\u00e9s Segura, dijo que \u00e9l est\u00e1 preparado para desde la presidencia consolidar los cambios que demanda la [&hellip;]<\/p>\n","protected":false},"author":3,"featured_media":0,"comment_status":"open","ping_status":"open","sticky":false,"template":"","format":"standard","meta":{"footnotes":""},"categories":[22],"tags":[],"class_list":["post-162574","post","type-post","status-publish","format-standard","hentry","category-politica"],"_links":{"self":[{"href":"https:\/\/diariodominicano.com\/index.php?rest_route=\/wp\/v2\/posts\/162574","targetHints":{"allow":["GET"]}}],"collection":[{"href":"https:\/\/diariodominicano.com\/index.php?rest_route=\/wp\/v2\/posts"}],"about":[{"href":"https:\/\/diariodominicano.com\/index.php?rest_route=\/wp\/v2\/types\/post"}],"author":[{"embeddable":true,"href":"https:\/\/diariodominicano.com\/index.php?rest_route=\/wp\/v2\/users\/3"}],"replies":[{"embeddable":true,"href":"https:\/\/diariodominicano.com\/index.php?rest_route=%2Fwp%2Fv2%2Fcomments&post=162574"}],"version-history":[{"count":0,"href":"https:\/\/diariodominicano.com\/index.php?rest_route=\/wp\/v2\/posts\/162574\/revisions"}],"wp:attachment":[{"href":"https:\/\/diariodominicano.com\/index.php?rest_route=%2Fwp%2Fv2%2Fmedia&parent=162574"}],"wp:term":[{"taxonomy":"category","embeddable":true,"href":"https:\/\/diariodominicano.com\/index.php?rest_route=%2Fwp%2Fv2%2Fcategories&post=162574"},{"taxonomy":"post_tag","embeddable":true,"href":"https:\/\/diariodominicano.com\/index.php?rest_route=%2Fwp%2Fv2%2Ftags&post=162574"}],"curies":[{"name":"wp","href":"https:\/\/api.w.org\/{rel}","templated":true}]}}