{"id":162573,"date":"2014-07-27T18:21:23","date_gmt":"2014-07-27T18:21:23","guid":{"rendered":"http:\/\/diariodominicano.ddns.net\/?p=162573"},"modified":"2014-07-27T18:21:23","modified_gmt":"2014-07-27T18:21:23","slug":"fernando-rosa-recibe-gran-apoyo-en-el-tradicional-sector-de-los-pepines","status":"publish","type":"post","link":"https:\/\/diariodominicano.com\/?p=162573","title":{"rendered":"Fernando Rosa recibe gran apoyo en el tradicional sector de Los Pepines"},"content":{"rendered":"<p><body><\/p>\n<p><img decoding=\"async\" src=\"img3\/rosa 27.jpg\" \/><br \/><img decoding=\"async\" src=\"img3\/fernan27.jpg\" \/>  <\/p>\n<p>Santiago RD 27 julio.- El Precandidato a la Alcald\u00eda por Santiago del Partido de la Liberaci\u00f3n Dominicana (PLD), Fernando Rosa, recibi\u00f3 un multitudinario respaldo en el c\u00e9ntrico sector de los Pepines de Santiago, donde dijo que con esta manifestaci\u00f3n de apoyo el triunfo est\u00e1 sellado en el 2016.<\/p>\n<\/p>\n<p>Miles de hombres y mujeres de Los Pepines, salieron a las calles para expresarle su apoyo al Licenciado Fernando Rosa quienes dijeron, que \u00e9l tiene todas las condiciones para devolverle la tranquilidad a la ciudad de Santiago.<\/p>\n<\/p>\n<p>El mano a mano inici\u00f3 en la calle S\u00e1nchez esquina Dr. El Don del sector Los Pepines y en cada una el precandidato a la Alcald\u00eda por el PLD, fue recibido por una entusiasta multitud que le manifestaba su apoyo.<\/p>\n<\/p>\n<p>Durante el recorrido fue notoria la participaci\u00f3n de conocidos dirigentes del Partido Revolucionario Dominicano (PRD) como: Andr\u00e9s Capell\u00e1n (Pototo), vieja gloria del Beisbol de Santiago, as\u00ed como el secretario de Organizaci\u00f3n Reinado Santos (Nano) y el Secretario General Rafael Garc\u00eda (Ni\u00f1o), los cuales dijeron que las pugnas internas de su partido, lo han llevado apoyar al precandidato del PLD, Licenciado Fernando Rosa.<\/p>\n<\/p>\n<p>\u00abHemos decidido apoyar a Fernando Rosa, ya que en el PRD no hay nada que buscar, vamos a llevar un gran ser humano a la alcald\u00eda de Santiago, porque es el \u00fanico que re\u00fane todas las condiciones para dirigir los destinos de la ciudad,\u00bb, Expresaron<\/p>\n<\/p>\n<p>En el mano a mano se iban sumando tambi\u00e9n dirigentes y simpatizantes del PLD y una amplia representaci\u00f3n de los movimientos de apoyo quienes acompa\u00f1aban al pr\u00f3ximo Alcalde de la ciudad de Santiago Licenciado Fernando Rosa.<\/p>\n<\/p>\n<p>De igual manera, se destac\u00f3 la presencia mayoritaria de j\u00f3venes que sal\u00edan a las calles para saludar y expresar su apoyo al pr\u00f3ximo Alcalde.<\/p>\n<\/p>\n<p>Al concluir el mano a mano Licenciado Fernando Rosa defini\u00f3 de \u00abextraordinarias\u00bb la manifestaci\u00f3n de respaldo recibido en el sector de Los Pepines, as\u00ed mismo dijo que es una muestra m\u00e1s de que ya es el candidato por el PLD  a la alcald\u00eda de Santiago.<\/p>\n<\/p>\n<p>\u00abCada d\u00eda somos m\u00e1s, el pueblo de Santiago siente que es el momento de que el PLD vuelva al poder para rescatar el ayuntamiento de Santiago, necesitamos personas con capacidad gerencial para dirigir los destinos de una ciudad la cual est\u00e1 sumida en el abandono y el atraso por la incapacidad de las autoridades actuales lo que nos motivas cada d\u00eda m\u00e1s, a devolverle a Santiago la tranquilidad y limpieza que se merece\u00bb expreso Fernando Rosa.    <\/p>\n<h6> 2014-07-27 18:21:23 <\/h6>\n<p><!--\n<link rel=\"stylesheet\" href=\"css\/bootstrap.min.css\">\n\n\n<ul class=\"pagination\">\n\t    \n\t\n\n<li >\n\t<a href='?page_no=14965'>Previous<\/a>\n\t<\/li>\n\n\n       \n    \n\n<li><a href='?page_no=1'>1<\/a><\/li>\n\n\n\n<li><a href='?page_no=2'>2<\/a><\/li>\n\n\n\n<li><a>...<\/a><\/li>\n\n\n\n<li><a href='?page_no=14964'>14964<\/a><\/li>\n\n\n\n<li><a href='?page_no=14965'>14965<\/a><\/li>\n\n\n\n<li class='active'><a>14966<\/a><\/li>\n\n\n\n<li><a href='?page_no=14967'>14967<\/a><\/li>\n\n\n\n<li><a href='?page_no=14968'>14968<\/a><\/li>\n\n\n\n<li><a>...<\/a><\/li>\n\n\n\n<li><a href='?page_no=36999'>36999<\/a><\/li>\n\n\n\n<li><a href='?page_no=37000'>37000<\/a><\/li>\n\n    \n\t\n\n<li >\n\t<a href='?page_no=14967'>Next<\/a>\n\t<\/li>\n\n\n    \n\n<li><a href='?page_no=37000'>Last &rsaquo;&rsaquo;<\/a><\/li>\n\n<\/ul>\n\n\n--><br \/>\n<\/body><\/p>\n","protected":false},"excerpt":{"rendered":"<p>Santiago RD 27 julio.- El Precandidato a la Alcald\u00eda por Santiago del Partido de la Liberaci\u00f3n Dominicana (PLD), Fernando Rosa, recibi\u00f3 un multitudinario respaldo en el c\u00e9ntrico sector de los Pepines de Santiago, donde dijo que con esta manifestaci\u00f3n de apoyo el triunfo est\u00e1 sellado en el 2016. Miles de hombres y mujeres de Los [&hellip;]<\/p>\n","protected":false},"author":3,"featured_media":0,"comment_status":"open","ping_status":"open","sticky":false,"template":"","format":"standard","meta":{"footnotes":""},"categories":[22],"tags":[],"class_list":["post-162573","post","type-post","status-publish","format-standard","hentry","category-politica"],"_links":{"self":[{"href":"https:\/\/diariodominicano.com\/index.php?rest_route=\/wp\/v2\/posts\/162573","targetHints":{"allow":["GET"]}}],"collection":[{"href":"https:\/\/diariodominicano.com\/index.php?rest_route=\/wp\/v2\/posts"}],"about":[{"href":"https:\/\/diariodominicano.com\/index.php?rest_route=\/wp\/v2\/types\/post"}],"author":[{"embeddable":true,"href":"https:\/\/diariodominicano.com\/index.php?rest_route=\/wp\/v2\/users\/3"}],"replies":[{"embeddable":true,"href":"https:\/\/diariodominicano.com\/index.php?rest_route=%2Fwp%2Fv2%2Fcomments&post=162573"}],"version-history":[{"count":0,"href":"https:\/\/diariodominicano.com\/index.php?rest_route=\/wp\/v2\/posts\/162573\/revisions"}],"wp:attachment":[{"href":"https:\/\/diariodominicano.com\/index.php?rest_route=%2Fwp%2Fv2%2Fmedia&parent=162573"}],"wp:term":[{"taxonomy":"category","embeddable":true,"href":"https:\/\/diariodominicano.com\/index.php?rest_route=%2Fwp%2Fv2%2Fcategories&post=162573"},{"taxonomy":"post_tag","embeddable":true,"href":"https:\/\/diariodominicano.com\/index.php?rest_route=%2Fwp%2Fv2%2Ftags&post=162573"}],"curies":[{"name":"wp","href":"https:\/\/api.w.org\/{rel}","templated":true}]}}