{"id":162572,"date":"2014-07-27T18:26:02","date_gmt":"2014-07-27T18:26:02","guid":{"rendered":"http:\/\/diariodominicano.ddns.net\/?p=162572"},"modified":"2014-07-27T18:26:02","modified_gmt":"2014-07-27T18:26:02","slug":"dice-hay-que-rechazar-plan-fusionar-rep-dom-y-haiti","status":"publish","type":"post","link":"https:\/\/diariodominicano.com\/?p=162572","title":{"rendered":"Dice hay que rechazar plan fusionar Rep. Dom. y Hait\u00ed"},"content":{"rendered":"<p><body><\/p>\n<p><img decoding=\"async\" src=\"img3\/duarte 27.jpg\" \/>  <\/p>\n<p>Bonao RD 27 julio.- El presidente del Centro Duartiano aqu\u00ed, Oscar Santiago Batista, calific\u00f3 de altamente peligroso el plan para fusionar a la Rep\u00fablica Dominicana y Hait\u00ed, supuestamente puesto en pr\u00e1ctica por Organizaci\u00f3n de las Naciones Unidas y la Uni\u00f3n Europea.<\/p>\n<\/p>\n<p>Dijo que hay que recordarles al secretario general de la ONU, Ban Ki-moon, y al presidente de la Uni\u00f3n Europea,Herman Van Rompuy, que el fundador de la Rep\u00fablica Dominicana, Juan Pablo Duarte, estableci\u00f3 que \u00abEntre los dominicanos y los haitianos no es posible una fusi\u00f3n\u00bb.<\/p>\n<\/p>\n<p>Sostuvo que esas palabras del padre de la patria constituyen un compromiso sagrado, que el pueblo dominicano har\u00e1 valer en todo el territorio de la Rep\u00fablica Dominicana.<\/p>\n<\/p>\n<p>Consider\u00f3 inveros\u00edmil y preocupante que organismos internacionales est\u00e9n propiciando la violaci\u00f3n de la Constituci\u00f3n dominicana y el desconocimiento de la sentencia 168 ? 13, emitida por el Tribunal Constitucional.<\/p>\n<\/p>\n<p>Batista dijo que esas violaciones abrir\u00e1n un periodo de inestabilidad pol\u00edtica en la Rep\u00fablica Dominicana, lo que provocar\u00eda negativas consecuencias a toda la sociedad.<\/p>\n<\/p>\n<h6> 2014-07-27 18:26:02 <\/h6>\n<p><!--\n<link rel=\"stylesheet\" href=\"css\/bootstrap.min.css\">\n\n\n<ul class=\"pagination\">\n\t    \n\t\n\n<li >\n\t<a href='?page_no=14964'>Previous<\/a>\n\t<\/li>\n\n\n       \n    \n\n<li><a href='?page_no=1'>1<\/a><\/li>\n\n\n\n<li><a href='?page_no=2'>2<\/a><\/li>\n\n\n\n<li><a>...<\/a><\/li>\n\n\n\n<li><a href='?page_no=14963'>14963<\/a><\/li>\n\n\n\n<li><a href='?page_no=14964'>14964<\/a><\/li>\n\n\n\n<li class='active'><a>14965<\/a><\/li>\n\n\n\n<li><a href='?page_no=14966'>14966<\/a><\/li>\n\n\n\n<li><a href='?page_no=14967'>14967<\/a><\/li>\n\n\n\n<li><a>...<\/a><\/li>\n\n\n\n<li><a href='?page_no=36999'>36999<\/a><\/li>\n\n\n\n<li><a href='?page_no=37000'>37000<\/a><\/li>\n\n    \n\t\n\n<li >\n\t<a href='?page_no=14966'>Next<\/a>\n\t<\/li>\n\n\n    \n\n<li><a href='?page_no=37000'>Last &rsaquo;&rsaquo;<\/a><\/li>\n\n<\/ul>\n\n\n--><br \/>\n<\/body><\/p>\n","protected":false},"excerpt":{"rendered":"<p>Bonao RD 27 julio.- El presidente del Centro Duartiano aqu\u00ed, Oscar Santiago Batista, calific\u00f3 de altamente peligroso el plan para fusionar a la Rep\u00fablica Dominicana y Hait\u00ed, supuestamente puesto en pr\u00e1ctica por Organizaci\u00f3n de las Naciones Unidas y la Uni\u00f3n Europea. Dijo que hay que recordarles al secretario general de la ONU, Ban Ki-moon, y [&hellip;]<\/p>\n","protected":false},"author":3,"featured_media":0,"comment_status":"open","ping_status":"open","sticky":false,"template":"","format":"standard","meta":{"footnotes":""},"categories":[22],"tags":[],"class_list":["post-162572","post","type-post","status-publish","format-standard","hentry","category-politica"],"_links":{"self":[{"href":"https:\/\/diariodominicano.com\/index.php?rest_route=\/wp\/v2\/posts\/162572","targetHints":{"allow":["GET"]}}],"collection":[{"href":"https:\/\/diariodominicano.com\/index.php?rest_route=\/wp\/v2\/posts"}],"about":[{"href":"https:\/\/diariodominicano.com\/index.php?rest_route=\/wp\/v2\/types\/post"}],"author":[{"embeddable":true,"href":"https:\/\/diariodominicano.com\/index.php?rest_route=\/wp\/v2\/users\/3"}],"replies":[{"embeddable":true,"href":"https:\/\/diariodominicano.com\/index.php?rest_route=%2Fwp%2Fv2%2Fcomments&post=162572"}],"version-history":[{"count":0,"href":"https:\/\/diariodominicano.com\/index.php?rest_route=\/wp\/v2\/posts\/162572\/revisions"}],"wp:attachment":[{"href":"https:\/\/diariodominicano.com\/index.php?rest_route=%2Fwp%2Fv2%2Fmedia&parent=162572"}],"wp:term":[{"taxonomy":"category","embeddable":true,"href":"https:\/\/diariodominicano.com\/index.php?rest_route=%2Fwp%2Fv2%2Fcategories&post=162572"},{"taxonomy":"post_tag","embeddable":true,"href":"https:\/\/diariodominicano.com\/index.php?rest_route=%2Fwp%2Fv2%2Ftags&post=162572"}],"curies":[{"name":"wp","href":"https:\/\/api.w.org\/{rel}","templated":true}]}}