{"id":162571,"date":"2014-07-27T18:30:07","date_gmt":"2014-07-27T18:30:07","guid":{"rendered":"http:\/\/diariodominicano.ddns.net\/?p=162571"},"modified":"2014-07-27T18:30:07","modified_gmt":"2014-07-27T18:30:07","slug":"reformistas-activos-reparten-golosinas-por-dia-del-padre","status":"publish","type":"post","link":"https:\/\/diariodominicano.com\/?p=162571","title":{"rendered":"Reformistas activos, reparten golosinas por D\u00eda del Padre&#13;"},"content":{"rendered":"<p><body><\/p>\n<p><img decoding=\"async\" src=\"img3\/reformistas 27.JPG\" \/><br \/><img decoding=\"async\" src=\"img3\/activo 27.php.html\" \/>  <\/p>\n<p>Santo Domingo RD 27 julio.- Cientos de dirigentes y simpatizantes del Partido Reformista Social Cristiano (PRSC) de la circunscripci\u00f3n Uno del Distrito Nacional celebraron este s\u00e1bado el D\u00eda de los Padres repartiendo golosinas a residentes en los sectores San Miguel, San Ant\u00f3n, San L\u00e1zaro y Zona Colonial.<\/p>\n<\/p>\n<p>Los reformistas salieron el parquecito del sector San Miguel y, divididos en cuatro grupos, recorrieron las calles de esos sectores.  Repartieron miles de caramelos y paletas rojas, color del PRSC.<\/p>\n<\/p>\n<p>Melanio Vel\u00e1squez, un vecino de la zona colonial al que  le entregaron una de las golosinas, dij  \u00abEspere un momento jovencita\u00bb, entr\u00f3 a la casa y cuando sali\u00f3 trajo en las manos una gorra roja que se coloc\u00f3 orgullosamente en la cabeza.<\/p>\n<\/p>\n<p>En la actividad participaron los dirigentes reformistas Mart\u00edn V\u00e1squez, Ram\u00f3n de la Rosa Valoy, Rafael Fr\u00edas, V\u00edctor F\u00e9liz, Jorge Darg\u00e1n, Linette Gonz\u00e1lez, Mar\u00eda Rosa Belliard, C\u00e9sar Mercedes (Manguita), Guido Guerrero y Elena D\u00edaz (Charito), entre otros.<\/p>\n<\/p>\n<p>Un equipo de la juventud reformista, compuesto por Edgar Castillo, Miosotis Casado, Homero Gonz\u00e1lez, Luis Mancebo y Yinett Mej\u00eda, entre otros, se integr\u00f3 al reparto en los sectores indicados, como forma de movilizar la masa del PRSC en la circunscripci\u00f3n uno.<\/p>\n<h6> 2014-07-27 18:30:07 <\/h6>\n<p><!--\n<link rel=\"stylesheet\" href=\"css\/bootstrap.min.css\">\n\n\n<ul class=\"pagination\">\n\t    \n\t\n\n<li >\n\t<a href='?page_no=14963'>Previous<\/a>\n\t<\/li>\n\n\n       \n    \n\n<li><a href='?page_no=1'>1<\/a><\/li>\n\n\n\n<li><a href='?page_no=2'>2<\/a><\/li>\n\n\n\n<li><a>...<\/a><\/li>\n\n\n\n<li><a href='?page_no=14962'>14962<\/a><\/li>\n\n\n\n<li><a href='?page_no=14963'>14963<\/a><\/li>\n\n\n\n<li class='active'><a>14964<\/a><\/li>\n\n\n\n<li><a href='?page_no=14965'>14965<\/a><\/li>\n\n\n\n<li><a href='?page_no=14966'>14966<\/a><\/li>\n\n\n\n<li><a>...<\/a><\/li>\n\n\n\n<li><a href='?page_no=36999'>36999<\/a><\/li>\n\n\n\n<li><a href='?page_no=37000'>37000<\/a><\/li>\n\n    \n\t\n\n<li >\n\t<a href='?page_no=14965'>Next<\/a>\n\t<\/li>\n\n\n    \n\n<li><a href='?page_no=37000'>Last &rsaquo;&rsaquo;<\/a><\/li>\n\n<\/ul>\n\n\n--><br \/>\n<\/body><\/p>\n","protected":false},"excerpt":{"rendered":"<p>Santo Domingo RD 27 julio.- Cientos de dirigentes y simpatizantes del Partido Reformista Social Cristiano (PRSC) de la circunscripci\u00f3n Uno del Distrito Nacional celebraron este s\u00e1bado el D\u00eda de los Padres repartiendo golosinas a residentes en los sectores San Miguel, San Ant\u00f3n, San L\u00e1zaro y Zona Colonial. Los reformistas salieron el parquecito del sector San [&hellip;]<\/p>\n","protected":false},"author":3,"featured_media":0,"comment_status":"open","ping_status":"open","sticky":false,"template":"","format":"standard","meta":{"footnotes":""},"categories":[22],"tags":[],"class_list":["post-162571","post","type-post","status-publish","format-standard","hentry","category-politica"],"_links":{"self":[{"href":"https:\/\/diariodominicano.com\/index.php?rest_route=\/wp\/v2\/posts\/162571","targetHints":{"allow":["GET"]}}],"collection":[{"href":"https:\/\/diariodominicano.com\/index.php?rest_route=\/wp\/v2\/posts"}],"about":[{"href":"https:\/\/diariodominicano.com\/index.php?rest_route=\/wp\/v2\/types\/post"}],"author":[{"embeddable":true,"href":"https:\/\/diariodominicano.com\/index.php?rest_route=\/wp\/v2\/users\/3"}],"replies":[{"embeddable":true,"href":"https:\/\/diariodominicano.com\/index.php?rest_route=%2Fwp%2Fv2%2Fcomments&post=162571"}],"version-history":[{"count":0,"href":"https:\/\/diariodominicano.com\/index.php?rest_route=\/wp\/v2\/posts\/162571\/revisions"}],"wp:attachment":[{"href":"https:\/\/diariodominicano.com\/index.php?rest_route=%2Fwp%2Fv2%2Fmedia&parent=162571"}],"wp:term":[{"taxonomy":"category","embeddable":true,"href":"https:\/\/diariodominicano.com\/index.php?rest_route=%2Fwp%2Fv2%2Fcategories&post=162571"},{"taxonomy":"post_tag","embeddable":true,"href":"https:\/\/diariodominicano.com\/index.php?rest_route=%2Fwp%2Fv2%2Ftags&post=162571"}],"curies":[{"name":"wp","href":"https:\/\/api.w.org\/{rel}","templated":true}]}}