{"id":162570,"date":"2014-07-27T18:40:19","date_gmt":"2014-07-27T18:40:19","guid":{"rendered":"http:\/\/diariodominicano.ddns.net\/?p=162570"},"modified":"2014-07-27T18:40:19","modified_gmt":"2014-07-27T18:40:19","slug":"ramon-alburquerque-prm-surge-para-enfrentar-al-pld","status":"publish","type":"post","link":"https:\/\/diariodominicano.com\/?p=162570","title":{"rendered":"Ram\u00f3n Alburquerque: PRM surge para enfrentar al PLD"},"content":{"rendered":"<p><body><\/p>\n<p><img decoding=\"async\" src=\"img3\/ramon 27.jpg\" \/>  <\/p>\n<p>Santo Domingo RD 27 julio.- El expresidente del Senado, Ram\u00f3n Alburquerque, dijo este domingo que se cre\u00f3 el Partido Revolucionario Mayoritario (PRM) como una alternativa democr\u00e1tica y pol\u00edtica para enfrentar al gobierno del Partido de la Liberaci\u00f3n Dominicana (PLD), en los comicios del a\u00f1o 2016.<\/p>\n<\/p>\n<p>Entiende que el PRM, la Convergencia, los movimientos comunitarios, los gremios  y  las iglesias deber\u00e1n convertirse en un Frente Nacional  para enfrentar al PLD, quien  pretende instaurarse por 30 a\u00f1os en el poder, como partido \u00fanico durante todo ese tiempo.<\/p>\n<\/p>\n<p>Consider\u00f3 que el pa\u00eds est\u00e1 reclamando un cambio en el Estado, y  que el Frente Nacional deber\u00e1 asumir todos los reclamos populares y sociales.<\/p>\n<\/p>\n<p>Sostuvo que el pueblo dominicano sabe que la democracia no puede estar sustentada en que un partido  pol\u00edtico tenga todos los poderes del Estado.<\/p>\n<\/p>\n<p>\u00abDemocracia no es que hayan 68 auditor\u00edas realizada a instituciones p\u00fablicas, y que haya  un silencio de la impunidad; ni que haya un d\u00e9ficit econ\u00f3mico  205 mil millones por  las manos de los gobiernos, con este endeudamiento, donde el 34% de los j\u00f3venes ni estudia ni trabaja\u00bb, indic\u00f3 expresidente del PRD.<\/p>\n<\/p>\n<p>Expres\u00f3 que en los  ocho a\u00f1os de gobierno del Leonel Fern\u00e1ndez se produjo el peor desastre el\u00e9ctrico, quien pudo haberlo resuelto y en cambio  hundi\u00f3 a ese sector, al participar como invitado en el programa \u00abAeromundo\u00bb que produce el periodista Guillermo G\u00f3mez, por Color Visi\u00f3n, canal 9.<\/p>\n<\/p>\n<p>Ante esta situaci\u00f3n en que se encuentra el pa\u00eds, el ingeniero  Alburquerque dijo que tiene que haber  una respuesta con una propuesta alternativa democr\u00e1tica, con planes concretos de c\u00f3mo salir de este atolladero.<\/p>\n<\/p>\n<p>Apunt\u00f3 que esa propuesta es el PRM, no solo ese partido, sino con un gran frente nacional de oposici\u00f3n al partido \u00fanico y al  intento del PLD de quererse mantener por  30 a\u00f1os en el poder.<\/p>\n<\/p>\n<p>Sostuvo que la gran mayor\u00eda del PRD se va para el PRM, encabezado por Hip\u00f3lito Mej\u00eda, Luis Abinader, Milagros Ortiz Bosch, entre otros destacados dirigentes.  <\/p>\n<h6> 2014-07-27 18:40:19 <\/h6>\n<p><!--\n<link rel=\"stylesheet\" href=\"css\/bootstrap.min.css\">\n\n\n<ul class=\"pagination\">\n\t    \n\t\n\n<li >\n\t<a href='?page_no=14962'>Previous<\/a>\n\t<\/li>\n\n\n       \n    \n\n<li><a href='?page_no=1'>1<\/a><\/li>\n\n\n\n<li><a href='?page_no=2'>2<\/a><\/li>\n\n\n\n<li><a>...<\/a><\/li>\n\n\n\n<li><a href='?page_no=14961'>14961<\/a><\/li>\n\n\n\n<li><a href='?page_no=14962'>14962<\/a><\/li>\n\n\n\n<li class='active'><a>14963<\/a><\/li>\n\n\n\n<li><a href='?page_no=14964'>14964<\/a><\/li>\n\n\n\n<li><a href='?page_no=14965'>14965<\/a><\/li>\n\n\n\n<li><a>...<\/a><\/li>\n\n\n\n<li><a href='?page_no=36999'>36999<\/a><\/li>\n\n\n\n<li><a href='?page_no=37000'>37000<\/a><\/li>\n\n    \n\t\n\n<li >\n\t<a href='?page_no=14964'>Next<\/a>\n\t<\/li>\n\n\n    \n\n<li><a href='?page_no=37000'>Last &rsaquo;&rsaquo;<\/a><\/li>\n\n<\/ul>\n\n\n--><br \/>\n<\/body><\/p>\n","protected":false},"excerpt":{"rendered":"<p>Santo Domingo RD 27 julio.- El expresidente del Senado, Ram\u00f3n Alburquerque, dijo este domingo que se cre\u00f3 el Partido Revolucionario Mayoritario (PRM) como una alternativa democr\u00e1tica y pol\u00edtica para enfrentar al gobierno del Partido de la Liberaci\u00f3n Dominicana (PLD), en los comicios del a\u00f1o 2016. Entiende que el PRM, la Convergencia, los movimientos comunitarios, los [&hellip;]<\/p>\n","protected":false},"author":3,"featured_media":0,"comment_status":"open","ping_status":"open","sticky":false,"template":"","format":"standard","meta":{"footnotes":""},"categories":[22],"tags":[],"class_list":["post-162570","post","type-post","status-publish","format-standard","hentry","category-politica"],"_links":{"self":[{"href":"https:\/\/diariodominicano.com\/index.php?rest_route=\/wp\/v2\/posts\/162570","targetHints":{"allow":["GET"]}}],"collection":[{"href":"https:\/\/diariodominicano.com\/index.php?rest_route=\/wp\/v2\/posts"}],"about":[{"href":"https:\/\/diariodominicano.com\/index.php?rest_route=\/wp\/v2\/types\/post"}],"author":[{"embeddable":true,"href":"https:\/\/diariodominicano.com\/index.php?rest_route=\/wp\/v2\/users\/3"}],"replies":[{"embeddable":true,"href":"https:\/\/diariodominicano.com\/index.php?rest_route=%2Fwp%2Fv2%2Fcomments&post=162570"}],"version-history":[{"count":0,"href":"https:\/\/diariodominicano.com\/index.php?rest_route=\/wp\/v2\/posts\/162570\/revisions"}],"wp:attachment":[{"href":"https:\/\/diariodominicano.com\/index.php?rest_route=%2Fwp%2Fv2%2Fmedia&parent=162570"}],"wp:term":[{"taxonomy":"category","embeddable":true,"href":"https:\/\/diariodominicano.com\/index.php?rest_route=%2Fwp%2Fv2%2Fcategories&post=162570"},{"taxonomy":"post_tag","embeddable":true,"href":"https:\/\/diariodominicano.com\/index.php?rest_route=%2Fwp%2Fv2%2Ftags&post=162570"}],"curies":[{"name":"wp","href":"https:\/\/api.w.org\/{rel}","templated":true}]}}