{"id":162569,"date":"2014-07-28T17:33:43","date_gmt":"2014-07-28T17:33:43","guid":{"rendered":"http:\/\/diariodominicano.ddns.net\/?p=162569"},"modified":"2014-07-28T17:33:43","modified_gmt":"2014-07-28T17:33:43","slug":"leonel-fernandez-afirma-pese-superarse-guerra-fria-subyacen-viejos-conflictos-entre-paises","status":"publish","type":"post","link":"https:\/\/diariodominicano.com\/?p=162569","title":{"rendered":"&#13;Leonel Fern\u00e1ndez afirma  pese superarse guerra fr\u00eda, subyacen viejos conflictos entre pa\u00edses"},"content":{"rendered":"<p><body><\/p>\n<p><img decoding=\"async\" src=\"img3\/leonel002111.jpg\" \/>  <\/p>\n<p><span class=\"text1noticias\">SANTO DOMINGO, RD, 28 de Julio de 2014.- El derribo del avi\u00f3n comercial de pasajeros de Malasia constituy\u00f3 una tragedia humana desgarradora, que estremeci\u00f3 la opini\u00f3n p\u00fablica mundial, y que obligar\u00e1 a la realizaci\u00f3n de investigaciones exhaustivas que permitan establecer responsabilidades, considera el presidente del Partido de la Liberaci\u00f3n Dominicana, Leonel Fern\u00e1ndez, qui\u00e9n reflexiona este d\u00eda sobre el papel de Rusia y Ucrania en la pol\u00edtica mundial en su Observatorio Global, publicado quincenalmente en el List\u00edn Diario.<\/span><\/p>\n<\/p>\n<p><span class=\"text1noticias\">\u00abPero el hecho del derribo del avi\u00f3n lo que pone de manifiesto es la nueva etapa en la que ha entrado a funcionar la pol\u00edtica internacional, la cual se cre\u00eda, por numerosos expertos, exenta de conflictos al t\u00e9rmino de la Guerra Fr\u00eda\u00bb, explica Fern\u00e1ndez en su art\u00edculo \u00abRusia y Ucrania en la pol\u00edtica mundial\u00bb, rese\u00f1ado por la Secretar\u00eda de Comunicaciones del PLD.<\/span><\/p>\n<\/p>\n<p><span class=\"text1noticias\">El expresidente de la Rep\u00fablica entiende que si bien es cierto que desde el fin de la Guerra Fr\u00eda se ha estado trabajando en la construcci\u00f3n de un nuevo orden mundial liberal, con una agenda m\u00e1s orientada hacia los temas del desarrollo sostenible, el cambio clim\u00e1tico, la no proliferaci\u00f3n de armas nucleares, la promoci\u00f3n de la democracia y el respeto de los derechos humanos, no es menos cierto que los conflictos militares por disputas territoriales, control de fronteras, controversias religiosas y divergencias \u00e9tnicas, no han desaparecido.<\/span><\/p>\n<\/p>\n<p><span class=\"text1noticias\">\u00abDe hecho, a pesar del fin del mundo bipolar, de las rivalidades entre las dos grandes superpotencias, los Estados Unidos y la Uni\u00f3n Sovi\u00e9tica, los viejos conflictos, por ejemplo, entre Israel y Palestina; Taiw\u00e1n y China; las dos Coreas; y Turqu\u00eda, Armenia y Kurdist\u00e1n, nunca han cesado\u00bb, expresa el  tambi\u00e9n presidente de la Fundaci\u00f3n Global, Democracia y Desarrollo (FUNGLODE).<\/span><\/p>\n<\/p>\n<p><span class=\"text1noticias\">Explica que lo surgido ahora entre la Federaci\u00f3n Rusa y Ucrania es el resultado de la b\u00fasqueda de un nuevo posicionamiento de car\u00e1cter geopol\u00edtico, en el que al mismo tiempo que Rusia procura defender sus fronteras, intenta crear las bases para su consolidaci\u00f3n como potencia emergente en el \u00e1mbito internacional.<\/span><\/p>\n<\/p>\n<p><span class=\"text1noticias\">\u00abEsa b\u00fasqueda por parte de Rusia hay que interpretarla en el contexto de que al producirse la ca\u00edda de los antiguos Estados socialistas de Europa del Este, \u00e9stos, en el tiempo, no s\u00f3lo pasaron a formar parte del mundo occidental al integrarse en la Uni\u00f3n Europea, sino que, adem\u00e1s, desde el punto de vista estrat\u00e9gico militar, de su antigua condici\u00f3n de miembros del Pacto de Varsovia, pasaron a formar parte de la estructura de sus antiguos rivales: la Organizaci\u00f3n del Tratado del Atl\u00e1ntico Norte (OTAN)\u00bb, agrega.<\/span><\/p>\n<\/p>\n<p><span class=\"text1noticias\">Leonel Fern\u00e1ndez  considera que lo que  ha venido ocurriendo entre Rusia y Ucrania no constituye un episodio aislado, sino m\u00e1s bien que forma parte de una pol\u00edtica orientada, desde el punto de vista defensivo, a la protecci\u00f3n de fronteras; y desde el \u00e1ngulo ofensivo, al fortalecimiento territorial para futuros proyectos de expansi\u00f3n en lo que Vladimir Putin ha definido como la Uni\u00f3n Econ\u00f3mica de Eurasia.<\/span><\/p>\n<\/p>\n<p><span class=\"text1noticias\">En ese sentido, refiri\u00f3 que r\u00e1pidamente Mosc\u00fa negoci\u00f3 un acuerdo de suministro de energ\u00eda con China por valor de 400 mil millones de d\u00f3lares en diez a\u00f1os, a principios del mes de julio, Putin emprende una gira por Am\u00e9rica Latina, tradicionalmente considerada como esfera de influencia de los Estados Unidos, y ese hecho, naturalmente, tiene que ser analizado como parte de un juego simb\u00f3lico de exhibici\u00f3n de poder y los acuerdos comerciales con Cuba, a la cual le condon\u00f3 un 90 por ciento de la deuda contra\u00edda, entre otras.<\/span><\/p>\n<\/p>\n<h6> 2014-07-28 17:33:43 <\/h6>\n<p><!--\n<link rel=\"stylesheet\" href=\"css\/bootstrap.min.css\">\n\n\n<ul class=\"pagination\">\n\t    \n\t\n\n<li >\n\t<a href='?page_no=14961'>Previous<\/a>\n\t<\/li>\n\n\n       \n    \n\n<li><a href='?page_no=1'>1<\/a><\/li>\n\n\n\n<li><a href='?page_no=2'>2<\/a><\/li>\n\n\n\n<li><a>...<\/a><\/li>\n\n\n\n<li><a href='?page_no=14960'>14960<\/a><\/li>\n\n\n\n<li><a href='?page_no=14961'>14961<\/a><\/li>\n\n\n\n<li class='active'><a>14962<\/a><\/li>\n\n\n\n<li><a href='?page_no=14963'>14963<\/a><\/li>\n\n\n\n<li><a href='?page_no=14964'>14964<\/a><\/li>\n\n\n\n<li><a>...<\/a><\/li>\n\n\n\n<li><a href='?page_no=36999'>36999<\/a><\/li>\n\n\n\n<li><a href='?page_no=37000'>37000<\/a><\/li>\n\n    \n\t\n\n<li >\n\t<a href='?page_no=14963'>Next<\/a>\n\t<\/li>\n\n\n    \n\n<li><a href='?page_no=37000'>Last &rsaquo;&rsaquo;<\/a><\/li>\n\n<\/ul>\n\n\n--><br \/>\n<\/body><\/p>\n","protected":false},"excerpt":{"rendered":"<p>SANTO DOMINGO, RD, 28 de Julio de 2014.- El derribo del avi\u00f3n comercial de pasajeros de Malasia constituy\u00f3 una tragedia humana desgarradora, que estremeci\u00f3 la opini\u00f3n p\u00fablica mundial, y que obligar\u00e1 a la realizaci\u00f3n de investigaciones exhaustivas que permitan establecer responsabilidades, considera el presidente del Partido de la Liberaci\u00f3n Dominicana, Leonel Fern\u00e1ndez, qui\u00e9n reflexiona este [&hellip;]<\/p>\n","protected":false},"author":3,"featured_media":0,"comment_status":"open","ping_status":"open","sticky":false,"template":"","format":"standard","meta":{"footnotes":""},"categories":[22],"tags":[],"class_list":["post-162569","post","type-post","status-publish","format-standard","hentry","category-politica"],"_links":{"self":[{"href":"https:\/\/diariodominicano.com\/index.php?rest_route=\/wp\/v2\/posts\/162569","targetHints":{"allow":["GET"]}}],"collection":[{"href":"https:\/\/diariodominicano.com\/index.php?rest_route=\/wp\/v2\/posts"}],"about":[{"href":"https:\/\/diariodominicano.com\/index.php?rest_route=\/wp\/v2\/types\/post"}],"author":[{"embeddable":true,"href":"https:\/\/diariodominicano.com\/index.php?rest_route=\/wp\/v2\/users\/3"}],"replies":[{"embeddable":true,"href":"https:\/\/diariodominicano.com\/index.php?rest_route=%2Fwp%2Fv2%2Fcomments&post=162569"}],"version-history":[{"count":0,"href":"https:\/\/diariodominicano.com\/index.php?rest_route=\/wp\/v2\/posts\/162569\/revisions"}],"wp:attachment":[{"href":"https:\/\/diariodominicano.com\/index.php?rest_route=%2Fwp%2Fv2%2Fmedia&parent=162569"}],"wp:term":[{"taxonomy":"category","embeddable":true,"href":"https:\/\/diariodominicano.com\/index.php?rest_route=%2Fwp%2Fv2%2Fcategories&post=162569"},{"taxonomy":"post_tag","embeddable":true,"href":"https:\/\/diariodominicano.com\/index.php?rest_route=%2Fwp%2Fv2%2Ftags&post=162569"}],"curies":[{"name":"wp","href":"https:\/\/api.w.org\/{rel}","templated":true}]}}