{"id":162568,"date":"2014-07-28T19:13:40","date_gmt":"2014-07-28T19:13:40","guid":{"rendered":"http:\/\/diariodominicano.ddns.net\/?p=162568"},"modified":"2014-07-28T19:13:40","modified_gmt":"2014-07-28T19:13:40","slug":"cesar-pina-adelanta-que-cp-del-pld-pudiera-reunirse-el-proximo-lunes","status":"publish","type":"post","link":"https:\/\/diariodominicano.com\/?p=162568","title":{"rendered":"&#13;&#13;&#13;C\u00e9sar Pina adelanta que CP del PLD pudiera reunirse el pr\u00f3ximo lunes&#13;"},"content":{"rendered":"<p><body><\/p>\n<p><img decoding=\"async\" src=\"http:\/\/localhost:8080\/img3\/c%C3%83%C2%A9sar%20pina.jpg\" \/>  <\/p>\n<p><span class=\"text1noticias\">Santo Domingo, RD, 28 de julio.- C\u00e9sar Pina Toribio, miembro  del Comit\u00e9 Pol\u00edtico del Partido de la Liberaci\u00f3n Dominicana, confirm\u00f3 que a lo interno de la organizaci\u00f3n, se trabaja, desde diferentes frentes,  en la adecuaci\u00f3n del PLD, aplicando as\u00ed unas de las resoluciones del reci\u00e9n celebrado VIII Congreso Ordinario Comandante Norge Botello.<\/span><\/p>\n<\/p>\n<p><span class=\"text1noticias\">Inform\u00f3 que siete comisiones especiales designadas por el Comit\u00e9 Pol\u00edtico en su reuni\u00f3n de inicio de mes avanzan en la formulaci\u00f3n de reglamentos internos y otras normativas para aplicar las decisiones del congreso, clausurado en enero \u00faltimo.<\/span><\/p>\n<\/p>\n<p><span class=\"text1noticias\">Dijo que dos de esas comisiones est\u00e1n bajo su coordinaci\u00f3n y tienen bastante adelantado el informe que presentar\u00e1n a la direcci\u00f3n pol\u00edtica, instancia que otorg\u00f3 un plazo de 30 d\u00edas para presentar dichos informes.<\/span><\/p>\n<\/p>\n<p><span class=\"text1noticias\">Pina Toribio fue entrevistado en el programa Diario del 4 si el Comit\u00e9 Pol\u00edtico se reunir\u00eda la noche del lunes, como se ha publicado en algunos medios.<\/span><\/p>\n<\/p>\n<p><span class=\"text1noticias\">Respondiendo esa inquietud dijo que tiene informaciones de que el  organismo de direcci\u00f3n del PLD se reunir\u00e1 el pr\u00f3ximo lunes.<\/span><\/p>\n<\/p>\n<p><span class=\"text1noticias\">Confirm\u00f3 que ese encuentro tiene que tratarse  lo  relativo a la escogencia de los miembros de los bufetes directivos del Senado y la C\u00e1mara de Diputados.<\/span><\/p>\n<\/p>\n<p><span class=\"text1noticias\">Explic\u00f3 que ese organismo  interviene  en   la selecci\u00f3n de los presidentes, vices y secretarios de las c\u00e1maras legislativas porque es una facultad estatutaria. \u00abAl Comit\u00e9 Pol\u00edtico le corresponde dirigir la pol\u00edtica legislativa\u00bb, precis\u00f3.<\/span><\/p>\n<\/p>\n<p><span class=\"text1noticias\">C\u00e9sar Pina Toribio resalt\u00f3 que el ex mandatario y titular del PLD, Leonel Fern\u00e1ndez, as\u00ed como el Presidente de la Rep\u00fablica, Danilo Medina, garantizan la unidad de la organizaci\u00f3n morada con la estrella amarilla.<\/span><\/p>\n<h6> 2014-07-28 19:13:40 <\/h6>\n<p><!--\n<link rel=\"stylesheet\" href=\"css\/bootstrap.min.css\">\n\n\n<ul class=\"pagination\">\n\t    \n\t\n\n<li >\n\t<a href='?page_no=14960'>Previous<\/a>\n\t<\/li>\n\n\n       \n    \n\n<li><a href='?page_no=1'>1<\/a><\/li>\n\n\n\n<li><a href='?page_no=2'>2<\/a><\/li>\n\n\n\n<li><a>...<\/a><\/li>\n\n\n\n<li><a href='?page_no=14959'>14959<\/a><\/li>\n\n\n\n<li><a href='?page_no=14960'>14960<\/a><\/li>\n\n\n\n<li class='active'><a>14961<\/a><\/li>\n\n\n\n<li><a href='?page_no=14962'>14962<\/a><\/li>\n\n\n\n<li><a href='?page_no=14963'>14963<\/a><\/li>\n\n\n\n<li><a>...<\/a><\/li>\n\n\n\n<li><a href='?page_no=36999'>36999<\/a><\/li>\n\n\n\n<li><a href='?page_no=37000'>37000<\/a><\/li>\n\n    \n\t\n\n<li >\n\t<a href='?page_no=14962'>Next<\/a>\n\t<\/li>\n\n\n    \n\n<li><a href='?page_no=37000'>Last &rsaquo;&rsaquo;<\/a><\/li>\n\n<\/ul>\n\n\n--><br \/>\n<\/body><\/p>\n","protected":false},"excerpt":{"rendered":"<p>Santo Domingo, RD, 28 de julio.- C\u00e9sar Pina Toribio, miembro del Comit\u00e9 Pol\u00edtico del Partido de la Liberaci\u00f3n Dominicana, confirm\u00f3 que a lo interno de la organizaci\u00f3n, se trabaja, desde diferentes frentes, en la adecuaci\u00f3n del PLD, aplicando as\u00ed unas de las resoluciones del reci\u00e9n celebrado VIII Congreso Ordinario Comandante Norge Botello. Inform\u00f3 que siete [&hellip;]<\/p>\n","protected":false},"author":3,"featured_media":0,"comment_status":"open","ping_status":"open","sticky":false,"template":"","format":"standard","meta":{"footnotes":""},"categories":[22],"tags":[],"class_list":["post-162568","post","type-post","status-publish","format-standard","hentry","category-politica"],"_links":{"self":[{"href":"https:\/\/diariodominicano.com\/index.php?rest_route=\/wp\/v2\/posts\/162568","targetHints":{"allow":["GET"]}}],"collection":[{"href":"https:\/\/diariodominicano.com\/index.php?rest_route=\/wp\/v2\/posts"}],"about":[{"href":"https:\/\/diariodominicano.com\/index.php?rest_route=\/wp\/v2\/types\/post"}],"author":[{"embeddable":true,"href":"https:\/\/diariodominicano.com\/index.php?rest_route=\/wp\/v2\/users\/3"}],"replies":[{"embeddable":true,"href":"https:\/\/diariodominicano.com\/index.php?rest_route=%2Fwp%2Fv2%2Fcomments&post=162568"}],"version-history":[{"count":0,"href":"https:\/\/diariodominicano.com\/index.php?rest_route=\/wp\/v2\/posts\/162568\/revisions"}],"wp:attachment":[{"href":"https:\/\/diariodominicano.com\/index.php?rest_route=%2Fwp%2Fv2%2Fmedia&parent=162568"}],"wp:term":[{"taxonomy":"category","embeddable":true,"href":"https:\/\/diariodominicano.com\/index.php?rest_route=%2Fwp%2Fv2%2Fcategories&post=162568"},{"taxonomy":"post_tag","embeddable":true,"href":"https:\/\/diariodominicano.com\/index.php?rest_route=%2Fwp%2Fv2%2Ftags&post=162568"}],"curies":[{"name":"wp","href":"https:\/\/api.w.org\/{rel}","templated":true}]}}