{"id":162565,"date":"2014-07-28T19:44:43","date_gmt":"2014-07-28T19:44:43","guid":{"rendered":"http:\/\/diariodominicano.ddns.net\/?p=162565"},"modified":"2014-07-28T19:44:43","modified_gmt":"2014-07-28T19:44:43","slug":"andy-mieses-sostiene-alcaldia-desconsidera-a-municipes-de-la-costa","status":"publish","type":"post","link":"https:\/\/diariodominicano.com\/?p=162565","title":{"rendered":"&#13;&#13;Andy Mieses  sostiene alcald\u00eda desconsidera a mun\u00edcipes de la costa"},"content":{"rendered":"<p><body><\/p>\n<p><img decoding=\"async\" src=\"img3\/andy.jpg\" \/>  <\/p>\n<\/p>\n<p><span class=\"text1noticias\">Santo Domingo, RD, 28 de julio.-Andy Mieses, aspirante a alcalde por el Municipio Santo Domingo Este,  sostuvo  que  los mun\u00edcipes de los sectores de la costa pr\u00f3ximo a la avenida Espa\u00f1a, se sienten desconsiderados  por la deficiente  manera  de  recoger  la basura  en esta  franja poblacional.<\/span><\/p>\n<\/p>\n<p><span class=\"text1noticias\">Mieses  al hacer un recorrido  a pie por cuadras y callejones  del ensanche La Isabelita,  de la zona oriental,  dentro de un plan de trabajo de su candidatura denominado \u00abInventario de Quejas Municipales\u00bb,  sus moradores le expusieron  la manera \u00abburlona\u00bb como la brigada del Ayuntamiento aplica su labor de recolecci\u00f3n de desechos.<\/span><\/p>\n<\/p>\n<p><span class=\"text1noticias\">El gestor cultural y abogado al entrar en contacto con los residentes en el Callej\u00f3n Los Matos, ubicado en la calle 12 n\u00famero 100, donde hay m\u00e1s de 30 familias y una iglesia evang\u00e9lica, de la referida barriada, recibi\u00f3 la queja referente a la humillaci\u00f3n que ellos reciben de quienes recogen los desperdicios en los camiones del ayuntamiento.<\/span><\/p>\n<\/p>\n<p><span class=\"text1noticias\">Mieses afirma que estos mun\u00edcipes le denunciaron el largo tiempo que dura la brigada del cabildo   sin pasar a retirar  la basura por su  el sector.<\/span><\/p>\n<\/p>\n<p><span class=\"text1noticias\">\u00abEllos me expusieron que cuando escuchan la bocina del cami\u00f3n del Ayuntamiento al pasar por la calle 12 del ensanche La Isabelita, corren a toda velocidad a sacar la basura a la parte frontal, pero resulta que dicho veh\u00edculo sigue corriendo sin detenerse dej\u00e1ndoles las bolsas y latas llenas de desperdicios en la acera, y su brigada mira hacia atr\u00e1s en un gesto de burla, recrimin\u00e1ndoles que deben mantenerlas afuera\u00bb, explic\u00f3.<\/span><\/p>\n<\/p>\n<p><span class=\"text1noticias\">Y a seguidas agreg\u00f3:<\/span><\/p>\n<\/p>\n<p><span class=\"text1noticias\">\u00abEllos me dicen con sobrada raz\u00f3n, que no pueden sacar a la acera  la basura porque los perros y ratones hambrientos  destruyen las fundas  y riegan los desperdicios en los contenes y en el pavimento  porque el cami\u00f3n del Ayuntamiento no tiene d\u00eda ni hora  en fechas fijas para pasar\u00bb.<\/span><\/p>\n<\/p>\n<p><span class=\"text1noticias\">Mieses puntualiz\u00f3 que esta misma queja se registra en los sectores de Los Tanques, Los Militares, Los Farallones, Los Coquitos y en los  residenciales  Mar de Plata, Caracoles 1 y II, entre  otros.<\/span><\/p>\n<\/p>\n<p><span class=\"text1noticias\">El aspirante a alcalde de Santo Domingo Este asegur\u00f3 que este maltrato de parte de la Alcald\u00eda local contra los mun\u00edcipes terminar\u00e1 el 16 de agosto de 2016, tras una gesti\u00f3n de fracasos por un per\u00edodo de 10 a\u00f1os.<\/span><\/p>\n<h6> 2014-07-28 19:44:43 <\/h6>\n<p><!--\n<link rel=\"stylesheet\" href=\"css\/bootstrap.min.css\">\n\n\n<ul class=\"pagination\">\n\t    \n\t\n\n<li >\n\t<a href='?page_no=14958'>Previous<\/a>\n\t<\/li>\n\n\n       \n    \n\n<li><a href='?page_no=1'>1<\/a><\/li>\n\n\n\n<li><a href='?page_no=2'>2<\/a><\/li>\n\n\n\n<li><a>...<\/a><\/li>\n\n\n\n<li><a href='?page_no=14957'>14957<\/a><\/li>\n\n\n\n<li><a href='?page_no=14958'>14958<\/a><\/li>\n\n\n\n<li class='active'><a>14959<\/a><\/li>\n\n\n\n<li><a href='?page_no=14960'>14960<\/a><\/li>\n\n\n\n<li><a href='?page_no=14961'>14961<\/a><\/li>\n\n\n\n<li><a>...<\/a><\/li>\n\n\n\n<li><a href='?page_no=36999'>36999<\/a><\/li>\n\n\n\n<li><a href='?page_no=37000'>37000<\/a><\/li>\n\n    \n\t\n\n<li >\n\t<a href='?page_no=14960'>Next<\/a>\n\t<\/li>\n\n\n    \n\n<li><a href='?page_no=37000'>Last &rsaquo;&rsaquo;<\/a><\/li>\n\n<\/ul>\n\n\n--><br \/>\n<\/body><\/p>\n","protected":false},"excerpt":{"rendered":"<p>Santo Domingo, RD, 28 de julio.-Andy Mieses, aspirante a alcalde por el Municipio Santo Domingo Este, sostuvo que los mun\u00edcipes de los sectores de la costa pr\u00f3ximo a la avenida Espa\u00f1a, se sienten desconsiderados por la deficiente manera de recoger la basura en esta franja poblacional. Mieses al hacer un recorrido a pie por cuadras [&hellip;]<\/p>\n","protected":false},"author":3,"featured_media":0,"comment_status":"open","ping_status":"open","sticky":false,"template":"","format":"standard","meta":{"footnotes":""},"categories":[22],"tags":[],"class_list":["post-162565","post","type-post","status-publish","format-standard","hentry","category-politica"],"_links":{"self":[{"href":"https:\/\/diariodominicano.com\/index.php?rest_route=\/wp\/v2\/posts\/162565","targetHints":{"allow":["GET"]}}],"collection":[{"href":"https:\/\/diariodominicano.com\/index.php?rest_route=\/wp\/v2\/posts"}],"about":[{"href":"https:\/\/diariodominicano.com\/index.php?rest_route=\/wp\/v2\/types\/post"}],"author":[{"embeddable":true,"href":"https:\/\/diariodominicano.com\/index.php?rest_route=\/wp\/v2\/users\/3"}],"replies":[{"embeddable":true,"href":"https:\/\/diariodominicano.com\/index.php?rest_route=%2Fwp%2Fv2%2Fcomments&post=162565"}],"version-history":[{"count":0,"href":"https:\/\/diariodominicano.com\/index.php?rest_route=\/wp\/v2\/posts\/162565\/revisions"}],"wp:attachment":[{"href":"https:\/\/diariodominicano.com\/index.php?rest_route=%2Fwp%2Fv2%2Fmedia&parent=162565"}],"wp:term":[{"taxonomy":"category","embeddable":true,"href":"https:\/\/diariodominicano.com\/index.php?rest_route=%2Fwp%2Fv2%2Fcategories&post=162565"},{"taxonomy":"post_tag","embeddable":true,"href":"https:\/\/diariodominicano.com\/index.php?rest_route=%2Fwp%2Fv2%2Ftags&post=162565"}],"curies":[{"name":"wp","href":"https:\/\/api.w.org\/{rel}","templated":true}]}}