{"id":162564,"date":"2014-07-28T20:04:05","date_gmt":"2014-07-28T20:04:05","guid":{"rendered":"http:\/\/diariodominicano.ddns.net\/?p=162564"},"modified":"2014-07-28T20:04:05","modified_gmt":"2014-07-28T20:04:05","slug":"bis-realiza-asamblea-en-santo-domingo-norte","status":"publish","type":"post","link":"https:\/\/diariodominicano.com\/?p=162564","title":{"rendered":"&#13;&#13;&#13;BIS realiza asamblea en Santo Domingo Norte"},"content":{"rendered":"<p><body><\/p>\n<p><img decoding=\"async\" src=\"img3\/dirigentes.jpg\" \/>  <\/p>\n<\/p>\n<\/p>\n<p>Santo Domingo Norte, RD, 28 de julio.- La Direcci\u00f3n del Bloque Institucional Socialdem\u00f3crata BIS en el Municipio Santo Domingo Norte, realiz\u00f3 una Asamblea Consultiva con los Coordinadores Zonales y del Distrito Municipal La Victoria, con el objetivo de discutir las pol\u00edticas de crecimiento del partido y dar inicio al programa de restructuraci\u00f3n de todas las Zonas y del Comit\u00e9 del Distrito Municipal, as\u00ed como dar formal inicio al programa de crecimiento SUMATEALBIS en todo el municipio.<\/p>\n<\/p>\n<p>El licenciado Kelvin Toledo presidente Municipal del BIS en compa\u00f1\u00eda de Jos\u00e9 Francisco Luciano Secretario General del Municipio, presentaron a los dirigentes locales del BIS un grupo de propuestas y un plan de trabajo para dejar iniciado el proceso de inscripci\u00f3n de nuevos miembros y la restructuraci\u00f3n de los equipos zonales, el Distrito Municipal  y as\u00ed duplicar la votaci\u00f3n obtenida para el proceso eleccionario del 2016.<\/p>\n<\/p>\n<p>Entre los m\u00e1s importantes acuerdos a que allegaron los dirigentes, se encuentran:<\/p>\n<\/p>\n<p>1- Proponer a la m\u00e1xima direcci\u00f3n del BIS que el local provincial lleve el nombre de Frank Mora.<\/p>\n<\/p>\n<p>2.- Iniciar el programa de crecimiento SUMATEALBIS con la responsabilidad de inscripci\u00f3n de 10 nuevos votantes de la circunscripci\u00f3n No. 6.<\/p>\n<\/p>\n<p>3.- Aprovechamiento del proceso de obtenci\u00f3n de la nueva c\u00e9dula para readecuar los votantes por recintos electorales.<\/p>\n<\/p>\n<p>4.- Reestructurar todos los comit\u00e9s zonales y ponerle una cuota de inscripci\u00f3n que permita duplicar los votos del BIS para el 2016.<\/p>\n<\/p>\n<p>5.- Reestructurar la Direcci\u00f3n Municipal del BIS para que solo responda a las directrices del presidente y l\u00edder del BIS Jos\u00e9 Francisco Pe\u00f1a Guaba.<\/p>\n<\/p>\n<p>6.- Conformar la direcci\u00f3n de todos los frentes de masas del BIS en el Municipio y entregarle una cuota de de inscripci\u00f3n.<\/p>\n<\/p>\n<p>Los 10 presidentes Zonales presentes en la Asamblea, acordaron sumar todo su esfuerzo a mantener la presencia del BIS como fuerza decisoria para recuperar la plaza municipal en manos del PRD, para as\u00ed incorporar el Ayuntamiento Municipal a los trabajos de aplicaci\u00f3n de pol\u00edticas de desarrollo para los mun\u00edcipes de Santo Domingo Norte.<\/p>\n<h6> 2014-07-28 20:04:05 <\/h6>\n<p><!--\n<link rel=\"stylesheet\" href=\"css\/bootstrap.min.css\">\n\n\n<ul class=\"pagination\">\n\t    \n\t\n\n<li >\n\t<a href='?page_no=14957'>Previous<\/a>\n\t<\/li>\n\n\n       \n    \n\n<li><a href='?page_no=1'>1<\/a><\/li>\n\n\n\n<li><a href='?page_no=2'>2<\/a><\/li>\n\n\n\n<li><a>...<\/a><\/li>\n\n\n\n<li><a href='?page_no=14956'>14956<\/a><\/li>\n\n\n\n<li><a href='?page_no=14957'>14957<\/a><\/li>\n\n\n\n<li class='active'><a>14958<\/a><\/li>\n\n\n\n<li><a href='?page_no=14959'>14959<\/a><\/li>\n\n\n\n<li><a href='?page_no=14960'>14960<\/a><\/li>\n\n\n\n<li><a>...<\/a><\/li>\n\n\n\n<li><a href='?page_no=36999'>36999<\/a><\/li>\n\n\n\n<li><a href='?page_no=37000'>37000<\/a><\/li>\n\n    \n\t\n\n<li >\n\t<a href='?page_no=14959'>Next<\/a>\n\t<\/li>\n\n\n    \n\n<li><a href='?page_no=37000'>Last &rsaquo;&rsaquo;<\/a><\/li>\n\n<\/ul>\n\n\n--><br \/>\n<\/body><\/p>\n","protected":false},"excerpt":{"rendered":"<p>Santo Domingo Norte, RD, 28 de julio.- La Direcci\u00f3n del Bloque Institucional Socialdem\u00f3crata BIS en el Municipio Santo Domingo Norte, realiz\u00f3 una Asamblea Consultiva con los Coordinadores Zonales y del Distrito Municipal La Victoria, con el objetivo de discutir las pol\u00edticas de crecimiento del partido y dar inicio al programa de restructuraci\u00f3n de todas las [&hellip;]<\/p>\n","protected":false},"author":3,"featured_media":0,"comment_status":"open","ping_status":"open","sticky":false,"template":"","format":"standard","meta":{"footnotes":""},"categories":[22],"tags":[],"class_list":["post-162564","post","type-post","status-publish","format-standard","hentry","category-politica"],"_links":{"self":[{"href":"https:\/\/diariodominicano.com\/index.php?rest_route=\/wp\/v2\/posts\/162564","targetHints":{"allow":["GET"]}}],"collection":[{"href":"https:\/\/diariodominicano.com\/index.php?rest_route=\/wp\/v2\/posts"}],"about":[{"href":"https:\/\/diariodominicano.com\/index.php?rest_route=\/wp\/v2\/types\/post"}],"author":[{"embeddable":true,"href":"https:\/\/diariodominicano.com\/index.php?rest_route=\/wp\/v2\/users\/3"}],"replies":[{"embeddable":true,"href":"https:\/\/diariodominicano.com\/index.php?rest_route=%2Fwp%2Fv2%2Fcomments&post=162564"}],"version-history":[{"count":0,"href":"https:\/\/diariodominicano.com\/index.php?rest_route=\/wp\/v2\/posts\/162564\/revisions"}],"wp:attachment":[{"href":"https:\/\/diariodominicano.com\/index.php?rest_route=%2Fwp%2Fv2%2Fmedia&parent=162564"}],"wp:term":[{"taxonomy":"category","embeddable":true,"href":"https:\/\/diariodominicano.com\/index.php?rest_route=%2Fwp%2Fv2%2Fcategories&post=162564"},{"taxonomy":"post_tag","embeddable":true,"href":"https:\/\/diariodominicano.com\/index.php?rest_route=%2Fwp%2Fv2%2Ftags&post=162564"}],"curies":[{"name":"wp","href":"https:\/\/api.w.org\/{rel}","templated":true}]}}