{"id":162563,"date":"2014-07-29T13:20:23","date_gmt":"2014-07-29T13:20:23","guid":{"rendered":"http:\/\/diariodominicano.ddns.net\/?p=162563"},"modified":"2014-07-29T13:20:23","modified_gmt":"2014-07-29T13:20:23","slug":"leonel-fernandez-destaca-solidaridad-de-hugo-chavez-con-el-pueblo-dominicano","status":"publish","type":"post","link":"https:\/\/diariodominicano.com\/?p=162563","title":{"rendered":"Leonel Fern\u00e1ndez destaca solidaridad de Hugo Ch\u00e1vez con el pueblo dominicano"},"content":{"rendered":"<p><body><\/p>\n<p><img decoding=\"async\" src=\"img3\/leo 29.jpg\" \/><br \/><img decoding=\"async\" src=\"img3\/homenaje 29.jpg\" \/>  <\/p>\n<p><span class=\"text1noticias\">SANTO DOMINGO,  RD 29 julio.- El expresidente de la Rep\u00fablica Dominicana y presidente del Partido de la Liberaci\u00f3n Dominicana, doctor Leonel Fern\u00e1ndez, destac\u00f3  el esp\u00edritu solidario que caracteriz\u00f3 al desaparecido presidente venezolano Hugo Ch\u00e1vez.<\/span><\/p>\n<p><span class=\"text1noticias\"> <\/span><\/p>\n<p><span class=\"text1noticias\">Al hablar en un acto organizado por el gobierno venezolano y el Partido Socialista Unido de Venezuela (PSUV)  en Caracas, Venezuela,  para conmemorar el 60 aniversario del natalicio de Ch\u00e1vez, Fern\u00e1ndez afirm\u00f3 que el fenecido gobernante venezolano siempre fue solidario con el pueblo dominicano en los momentos en que m\u00e1s lo necesit\u00f3.<\/span><\/p>\n<p><span class=\"text1noticias\"> <\/span><\/p>\n<p><span class=\"text1noticias\">En ese tenor,  Leonel Fern\u00e1ndez record\u00f3 un momento en que en la Rep\u00fablica Dominicana se produjo un gran incendio forestal que amenazaba con destruir toda la capa boscosa de la Cordillera Central del pa\u00eds caribe\u00f1o, sin que la naci\u00f3n tuviera la capacidad necesaria para detenerlo.<\/span><\/p>\n<p><span class=\"text1noticias\"> <\/span><\/p>\n<p><span class=\"text1noticias\">Dijo que en su condici\u00f3n de gobernante dominicano, solicit\u00f3 ayuda a los mandatarios de varios pa\u00edses, pero el \u00fanico que respondi\u00f3 positivamente y en un tiempo r\u00e9cord fue Hugo Ch\u00e1vez, quien de inmediato envi\u00f3 un avi\u00f3n-bomba para sofocar el fuego.<\/span><\/p>\n<p><span class=\"text1noticias\"> <\/span><\/p>\n<p><span class=\"text1noticias\">\u00abEse es el gran legado de Hugo Ch\u00e1vez. El legado de la generosidad, el legado de la solidaridad, un valor que todo revolucionario debe cultivar\u00bb, proclam\u00f3 Fern\u00e1ndez, siendo objeto de prolongadas ovaciones de parte de los participantes en el encuentro.<\/span><\/p>\n<p><span class=\"text1noticias\"> <\/span><\/p>\n<p><span class=\"text1noticias\"> Fern\u00e1ndez record\u00f3 ese gesto solidario de Ch\u00e1vez, a prop\u00f3sito del terrible incendio forestal que desde hace una semana est\u00e1 afectando a Valle Nuevo, Constanza, del cual dijo desear se logre sofocar lo antes posible.<\/span><\/p>\n<p><span class=\"text1noticias\"> <\/span><\/p>\n<p><span class=\"text1noticias\"> De igual manera, Fern\u00e1ndez destac\u00f3 la admiraci\u00f3n que Ch\u00e1vez siempre sinti\u00f3 por figuras hist\u00f3ricas dominicanas, entre las que cit\u00f3 a Juan Bosch, Francisco Alberto Caama\u00f1o y Pedro Mir.<\/span><\/p>\n<p><span class=\"text1noticias\"> <\/span><\/p>\n<p><span class=\"text1noticias\">\u00abSu conducta fue la conducta de la generosidad, la conducta de la solidaridad, de la entrega desinteresada\u00bb, dijo Fern\u00e1ndez, refiri\u00e9ndose a Ch\u00e1vez.<\/span><\/p>\n<p><span class=\"text1noticias\"> <\/span><\/p>\n<p><span class=\"text1noticias\">Afirm\u00f3 que para \u00e9l constituye un privilegio haber conocido a Ch\u00e1vez y haber llegado a tener un trato personal con el desaparecido gobernante, el cual desde joven visitaba frecuentemente la Rep\u00fablica Dominicana para participar en intercambios deportivos, gesto que continu\u00f3 siendo gobernante.<\/span><\/p>\n<p><span class=\"text1noticias\"> <\/span><\/p>\n<p><span class=\"text1noticias\">Leonel Fern\u00e1ndez, quien adem\u00e1s es presidente de la Fundaci\u00f3n Global Democracia y Desarrollo (Funglode), lleg\u00f3 el  lunes a Caracas, donde participa como invitado especial en el III Congreso del Partido Socialista Unido de Venezuela (PSUV), acto encabezado por el presidente de la Rep\u00fablica bolivariana de Venezuela ,  Nicol\u00e1s Maduro y al que tambi\u00e9n asistieron varios mandatarios y exmandatarios de la regi\u00f3n.<\/span><\/p>\n<p><span class=\"text1noticias\"> <\/span><\/p>\n<p><span class=\"text1noticias\"> En su viaje a Caracas, al expresidente Fern\u00e1ndez le acompa\u00f1an el doctor Franklin Almeyda Rancier y el doctor Radham\u00e9s Jim\u00e9nez Pe\u00f1a, miembros del Comit\u00e9 Pol\u00edtico del PLD y su hijo Omar Fern\u00e1ndez. <\/span><\/p>\n<p><span class=\"text1noticias\"> <\/span><\/p>\n<p><span class=\"text1noticias\"> En el evento participan 985 delegados nacionales, los cuales discuten m\u00e1s de 25 mil propuestas populares.<\/span><\/p>\n<\/p>\n<\/p>\n<h6> 2014-07-29 13:20:23 <\/h6>\n<p><!--\n<link rel=\"stylesheet\" href=\"css\/bootstrap.min.css\">\n\n\n<ul class=\"pagination\">\n\t    \n\t\n\n<li >\n\t<a href='?page_no=14956'>Previous<\/a>\n\t<\/li>\n\n\n       \n    \n\n<li><a href='?page_no=1'>1<\/a><\/li>\n\n\n\n<li><a href='?page_no=2'>2<\/a><\/li>\n\n\n\n<li><a>...<\/a><\/li>\n\n\n\n<li><a href='?page_no=14955'>14955<\/a><\/li>\n\n\n\n<li><a href='?page_no=14956'>14956<\/a><\/li>\n\n\n\n<li class='active'><a>14957<\/a><\/li>\n\n\n\n<li><a href='?page_no=14958'>14958<\/a><\/li>\n\n\n\n<li><a href='?page_no=14959'>14959<\/a><\/li>\n\n\n\n<li><a>...<\/a><\/li>\n\n\n\n<li><a href='?page_no=36999'>36999<\/a><\/li>\n\n\n\n<li><a href='?page_no=37000'>37000<\/a><\/li>\n\n    \n\t\n\n<li >\n\t<a href='?page_no=14958'>Next<\/a>\n\t<\/li>\n\n\n    \n\n<li><a href='?page_no=37000'>Last &rsaquo;&rsaquo;<\/a><\/li>\n\n<\/ul>\n\n\n--><br \/>\n<\/body><\/p>\n","protected":false},"excerpt":{"rendered":"<p>SANTO DOMINGO, RD 29 julio.- El expresidente de la Rep\u00fablica Dominicana y presidente del Partido de la Liberaci\u00f3n Dominicana, doctor Leonel Fern\u00e1ndez, destac\u00f3 el esp\u00edritu solidario que caracteriz\u00f3 al desaparecido presidente venezolano Hugo Ch\u00e1vez. Al hablar en un acto organizado por el gobierno venezolano y el Partido Socialista Unido de Venezuela (PSUV) en Caracas, Venezuela, [&hellip;]<\/p>\n","protected":false},"author":3,"featured_media":0,"comment_status":"open","ping_status":"open","sticky":false,"template":"","format":"standard","meta":{"footnotes":""},"categories":[22],"tags":[],"class_list":["post-162563","post","type-post","status-publish","format-standard","hentry","category-politica"],"_links":{"self":[{"href":"https:\/\/diariodominicano.com\/index.php?rest_route=\/wp\/v2\/posts\/162563","targetHints":{"allow":["GET"]}}],"collection":[{"href":"https:\/\/diariodominicano.com\/index.php?rest_route=\/wp\/v2\/posts"}],"about":[{"href":"https:\/\/diariodominicano.com\/index.php?rest_route=\/wp\/v2\/types\/post"}],"author":[{"embeddable":true,"href":"https:\/\/diariodominicano.com\/index.php?rest_route=\/wp\/v2\/users\/3"}],"replies":[{"embeddable":true,"href":"https:\/\/diariodominicano.com\/index.php?rest_route=%2Fwp%2Fv2%2Fcomments&post=162563"}],"version-history":[{"count":0,"href":"https:\/\/diariodominicano.com\/index.php?rest_route=\/wp\/v2\/posts\/162563\/revisions"}],"wp:attachment":[{"href":"https:\/\/diariodominicano.com\/index.php?rest_route=%2Fwp%2Fv2%2Fmedia&parent=162563"}],"wp:term":[{"taxonomy":"category","embeddable":true,"href":"https:\/\/diariodominicano.com\/index.php?rest_route=%2Fwp%2Fv2%2Fcategories&post=162563"},{"taxonomy":"post_tag","embeddable":true,"href":"https:\/\/diariodominicano.com\/index.php?rest_route=%2Fwp%2Fv2%2Ftags&post=162563"}],"curies":[{"name":"wp","href":"https:\/\/api.w.org\/{rel}","templated":true}]}}