{"id":162562,"date":"2014-07-29T13:27:21","date_gmt":"2014-07-29T13:27:21","guid":{"rendered":"http:\/\/diariodominicano.ddns.net\/?p=162562"},"modified":"2014-07-29T13:27:21","modified_gmt":"2014-07-29T13:27:21","slug":"camacho-pide-al-comite-politico-pld-cumplir-con-alternabilidad-en-bufetes-camaras-del-congreso","status":"publish","type":"post","link":"https:\/\/diariodominicano.com\/?p=162562","title":{"rendered":"Camacho pide al Comit\u00e9 Pol\u00edtico PLD cumplir con alternabilidad en bufetes c\u00e1maras del Congreso"},"content":{"rendered":"<p><body><\/p>\n<p><img decoding=\"async\" src=\"img3\/camacho 29.jpg\" \/>  <\/p>\n<p>Santo Domingo RD 29 julio.- El diputado del Partido de la Liberaci\u00f3n Dominicana (PLD), Radham\u00e9s Camacho, declar\u00f3 que en esa organizaci\u00f3n hay una corriente de alternancia y pidi\u00f3 al Comit\u00e9 Pol\u00edtico que se cumpla con la alternabilidad en los bufetes de las c\u00e1maras del Congreso Nacional.<\/p>\n<\/p>\n<p>Camacho, quien es miembro del Comit\u00e9 Pol\u00edtico de esa organizaci\u00f3n, dijo que la alternabilidad es uno de los mandatos del Congreso pelede\u00edsta de Norge Botello.<\/p>\n<\/p>\n<p>Entiende que la alternabilidad en el Senado y la C\u00e1mara de Diputados no puede dejarse para cuando concluya el actual periodo legislativo, que fue de seis anos y termina en agosto de 2016.<\/p>\n<\/p>\n<p>En ese sentido, el diputado y dirigente pelede\u00edsta record\u00f3 que ese \u00f3rgano de direcci\u00f3n del PLD acord\u00f3 en el 2010 que durante los seis a\u00f1os para los cuales fueron electos los actuales legisladores pudieran haber dos o tres presidentes de ambas c\u00e1maras.<\/p>\n<\/p>\n<p>Manifest\u00f3 que en esa reuni\u00f3n \u00e9l dio a conocer sus aspiraciones deseo a ser presidente de la C\u00e1mara Baja.<\/p>\n<\/p>\n<p>\u00abNuestra organizaci\u00f3n tiene el deber de seguir fortaleciendo las cosas que nos han dado resultado y la primera que nos ha dado resultado es cumplir y hacer las cosas que van en la direcci\u00f3n de la gobernabilidad\u00bb, agreg\u00f3.<\/p>\n<\/p>\n<p>Radham\u00e9s Camacho ofreci\u00f3 sus declaraciones al comparecer al programa Hoy Mismo, que se produce por Color Visi\u00f3n, Canal 9, donde se\u00f1al\u00f3 que los dem\u00e1s aspirantes son Ram\u00f3n Cabrera, Yomaira Medina y Abel Mart\u00ednez, quien busca la reelecci\u00f3n.<\/p>\n<\/p>\n<h6> 2014-07-29 13:27:21 <\/h6>\n<p><!--\n<link rel=\"stylesheet\" href=\"css\/bootstrap.min.css\">\n\n\n<ul class=\"pagination\">\n\t    \n\t\n\n<li >\n\t<a href='?page_no=14955'>Previous<\/a>\n\t<\/li>\n\n\n       \n    \n\n<li><a href='?page_no=1'>1<\/a><\/li>\n\n\n\n<li><a href='?page_no=2'>2<\/a><\/li>\n\n\n\n<li><a>...<\/a><\/li>\n\n\n\n<li><a href='?page_no=14954'>14954<\/a><\/li>\n\n\n\n<li><a href='?page_no=14955'>14955<\/a><\/li>\n\n\n\n<li class='active'><a>14956<\/a><\/li>\n\n\n\n<li><a href='?page_no=14957'>14957<\/a><\/li>\n\n\n\n<li><a href='?page_no=14958'>14958<\/a><\/li>\n\n\n\n<li><a>...<\/a><\/li>\n\n\n\n<li><a href='?page_no=36999'>36999<\/a><\/li>\n\n\n\n<li><a href='?page_no=37000'>37000<\/a><\/li>\n\n    \n\t\n\n<li >\n\t<a href='?page_no=14957'>Next<\/a>\n\t<\/li>\n\n\n    \n\n<li><a href='?page_no=37000'>Last &rsaquo;&rsaquo;<\/a><\/li>\n\n<\/ul>\n\n\n--><br \/>\n<\/body><\/p>\n","protected":false},"excerpt":{"rendered":"<p>Santo Domingo RD 29 julio.- El diputado del Partido de la Liberaci\u00f3n Dominicana (PLD), Radham\u00e9s Camacho, declar\u00f3 que en esa organizaci\u00f3n hay una corriente de alternancia y pidi\u00f3 al Comit\u00e9 Pol\u00edtico que se cumpla con la alternabilidad en los bufetes de las c\u00e1maras del Congreso Nacional. Camacho, quien es miembro del Comit\u00e9 Pol\u00edtico de esa [&hellip;]<\/p>\n","protected":false},"author":3,"featured_media":0,"comment_status":"open","ping_status":"open","sticky":false,"template":"","format":"standard","meta":{"footnotes":""},"categories":[22],"tags":[],"class_list":["post-162562","post","type-post","status-publish","format-standard","hentry","category-politica"],"_links":{"self":[{"href":"https:\/\/diariodominicano.com\/index.php?rest_route=\/wp\/v2\/posts\/162562","targetHints":{"allow":["GET"]}}],"collection":[{"href":"https:\/\/diariodominicano.com\/index.php?rest_route=\/wp\/v2\/posts"}],"about":[{"href":"https:\/\/diariodominicano.com\/index.php?rest_route=\/wp\/v2\/types\/post"}],"author":[{"embeddable":true,"href":"https:\/\/diariodominicano.com\/index.php?rest_route=\/wp\/v2\/users\/3"}],"replies":[{"embeddable":true,"href":"https:\/\/diariodominicano.com\/index.php?rest_route=%2Fwp%2Fv2%2Fcomments&post=162562"}],"version-history":[{"count":0,"href":"https:\/\/diariodominicano.com\/index.php?rest_route=\/wp\/v2\/posts\/162562\/revisions"}],"wp:attachment":[{"href":"https:\/\/diariodominicano.com\/index.php?rest_route=%2Fwp%2Fv2%2Fmedia&parent=162562"}],"wp:term":[{"taxonomy":"category","embeddable":true,"href":"https:\/\/diariodominicano.com\/index.php?rest_route=%2Fwp%2Fv2%2Fcategories&post=162562"},{"taxonomy":"post_tag","embeddable":true,"href":"https:\/\/diariodominicano.com\/index.php?rest_route=%2Fwp%2Fv2%2Ftags&post=162562"}],"curies":[{"name":"wp","href":"https:\/\/api.w.org\/{rel}","templated":true}]}}