{"id":162561,"date":"2014-07-29T14:32:35","date_gmt":"2014-07-29T14:32:35","guid":{"rendered":"http:\/\/diariodominicano.ddns.net\/?p=162561"},"modified":"2014-07-29T14:32:35","modified_gmt":"2014-07-29T14:32:35","slug":"montas-alerta-al-pld-no-creer-es-facil-ganar-al-prd","status":"publish","type":"post","link":"https:\/\/diariodominicano.com\/?p=162561","title":{"rendered":"Mont\u00e1s alerta al PLD no creer es f\u00e1cil ganar al PRD"},"content":{"rendered":"<p><body><\/p>\n<p>Mont\u00e1s alerta al PLD no creer es f\u00e1cil ganar al PRD <\/p>\n<\/p>\n<p>El aspirante a la candidatura presidencial del oficialista Partido de la Liberaci\u00f3n Dominicana, Tem\u00edstocles Mont\u00e1s, previene a sus compa\u00f1eros de no ilusionarse con que ser\u00eda f\u00e1cil ganar al opositor PRD  en 2016.<\/p>\n<\/p>\n<p>\tMont\u00e1s, en una entrevista por televisi\u00f3n, record\u00f3 que Hip\u00f3lito Mej\u00eda obtuvo el 48% de la votaci\u00f3n presidencial tras ser postulado en 2012, a pesar de su gesti\u00f3n anterior haber sumido al pa\u00eds en una crisis profunda con alto nivel de pobreza.<\/p>\n<\/p>\n<p>\u00abEso significa que ya hay una parte muy importante de la sociedad dominicana que no se siente expresada en lo que est\u00e1 haciendo el PLD desde el gobierno, por lo que tenemos que prepararnos para una batalla electoral que, dependiendo de quien sea el candidato, nos ser\u00e1 favorable o desfavorable\u00bb, dijo.<\/p>\n<\/p>\n<p>En respuesta a otra pregunta del entrevistador Mario Emilio P\u00e9rez en el programa Vertiente de Opini\u00f3n por el canal 6, advirti\u00f3 que con todo y la crisis interna en el PRD, el PLD no puede equivocarse al escoger su candidato.<\/p>\n<\/p>\n<p>\u00abSi nos equivocamos al no seleccionar una figura nueva, bien puede producirse en la oposici\u00f3n una recomposici\u00f3n de fuerzas que aglutine a todos los sectores nacionales que no quieren que el PLD siga al frente del gobierno\u00bb, alert\u00f3.<\/p>\n<\/p>\n<p>Mont\u00e1s dijo que por esa raz\u00f3n \u00e9l insiste ante la militancia pelede\u00edsta sobre la necesidad de alternar el liderazgo, como parte de un proceso que comenz\u00f3 con la escogencia de Danilo Medina y que entiende debe ser proyectado al 2016.<\/p>\n<\/p>\n<p>Asegur\u00f3 que esa es la l\u00ednea dentro del propio PLD, \u00abdonde hay ya mucho descontento\u00bb, que puede garantizar la renovaci\u00f3n incluso de las propias instancias del partido.<\/p>\n<\/p>\n<p>En otro orden descart\u00f3 que cuanto menos respecto a la suya, el lanzamiento de aspiraciones presidenciales en el partido morado tenga el disimulado objetivo de negociar una candidatura vicepresidencial o un puesto congresual.<\/p>\n<\/p>\n<\/p>\n<p>\t\u00abEse no es mi caso. He dicho que estoy trabajando, primero, para lograr la candidatura presidencial del PLD. Eso es irreversible. Yo ir\u00e9 hasta el final&#8230;ir\u00e9 a las primarias y estoy trabajando para ganarlas&#8230;organizando a mi gente dentro del partido en todo el pa\u00eds, haciendo una estructura nacional\u00bb, asever\u00f3.<\/p>\n<\/p>\n<p>Mont\u00e1s, quien defini\u00f3 al PLD como una organizaci\u00f3n ideol\u00f3gica y pol\u00edtica ubicada en la \u00abizquierda democr\u00e1tica\u00bb, dijo que su partido debe mantenerse fiel a ese legado que atribuy\u00f3 a su fundador Juan Bosch, lo que dijo implica profundizar en las pol\u00edticas sociales.<\/p>\n<\/p>\n<p>\u00abSi llego a la Presidencia, mi prioridad ser\u00e1 tratar de construir un verdadero sistema de protecci\u00f3n social, la universalizaci\u00f3n de la seguridad social, garantizar el acceso de todos los dominicanos y dominicanas a los servicios de salud y a la educaci\u00f3n de calidad, factor determinante para una movilidad social ascendente\u00bb, prometi\u00f3.<\/p>\n<\/p>\n<p>En ese contexto record\u00f3 que los pa\u00edses que hoy marchan a la cabeza en avances tecnol\u00f3gicos son los que apostaron a la educaci\u00f3n de calidad y cit\u00f3 entre ellos a China, Corea y Jap\u00f3n, que tienen los mejores sistemas educativos del mundo.<\/p>\n<\/p>\n<h6> 2014-07-29 14:32:35 <\/h6>\n<p><!--\n<link rel=\"stylesheet\" href=\"css\/bootstrap.min.css\">\n\n\n<ul class=\"pagination\">\n\t    \n\t\n\n<li >\n\t<a href='?page_no=14954'>Previous<\/a>\n\t<\/li>\n\n\n       \n    \n\n<li><a href='?page_no=1'>1<\/a><\/li>\n\n\n\n<li><a href='?page_no=2'>2<\/a><\/li>\n\n\n\n<li><a>...<\/a><\/li>\n\n\n\n<li><a href='?page_no=14953'>14953<\/a><\/li>\n\n\n\n<li><a href='?page_no=14954'>14954<\/a><\/li>\n\n\n\n<li class='active'><a>14955<\/a><\/li>\n\n\n\n<li><a href='?page_no=14956'>14956<\/a><\/li>\n\n\n\n<li><a href='?page_no=14957'>14957<\/a><\/li>\n\n\n\n<li><a>...<\/a><\/li>\n\n\n\n<li><a href='?page_no=36999'>36999<\/a><\/li>\n\n\n\n<li><a href='?page_no=37000'>37000<\/a><\/li>\n\n    \n\t\n\n<li >\n\t<a href='?page_no=14956'>Next<\/a>\n\t<\/li>\n\n\n    \n\n<li><a href='?page_no=37000'>Last &rsaquo;&rsaquo;<\/a><\/li>\n\n<\/ul>\n\n\n--><br \/>\n<\/body><\/p>\n","protected":false},"excerpt":{"rendered":"<p>Mont\u00e1s alerta al PLD no creer es f\u00e1cil ganar al PRD El aspirante a la candidatura presidencial del oficialista Partido de la Liberaci\u00f3n Dominicana, Tem\u00edstocles Mont\u00e1s, previene a sus compa\u00f1eros de no ilusionarse con que ser\u00eda f\u00e1cil ganar al opositor PRD en 2016. Mont\u00e1s, en una entrevista por televisi\u00f3n, record\u00f3 que Hip\u00f3lito Mej\u00eda obtuvo el [&hellip;]<\/p>\n","protected":false},"author":3,"featured_media":0,"comment_status":"open","ping_status":"open","sticky":false,"template":"","format":"standard","meta":{"footnotes":""},"categories":[22],"tags":[],"class_list":["post-162561","post","type-post","status-publish","format-standard","hentry","category-politica"],"_links":{"self":[{"href":"https:\/\/diariodominicano.com\/index.php?rest_route=\/wp\/v2\/posts\/162561","targetHints":{"allow":["GET"]}}],"collection":[{"href":"https:\/\/diariodominicano.com\/index.php?rest_route=\/wp\/v2\/posts"}],"about":[{"href":"https:\/\/diariodominicano.com\/index.php?rest_route=\/wp\/v2\/types\/post"}],"author":[{"embeddable":true,"href":"https:\/\/diariodominicano.com\/index.php?rest_route=\/wp\/v2\/users\/3"}],"replies":[{"embeddable":true,"href":"https:\/\/diariodominicano.com\/index.php?rest_route=%2Fwp%2Fv2%2Fcomments&post=162561"}],"version-history":[{"count":0,"href":"https:\/\/diariodominicano.com\/index.php?rest_route=\/wp\/v2\/posts\/162561\/revisions"}],"wp:attachment":[{"href":"https:\/\/diariodominicano.com\/index.php?rest_route=%2Fwp%2Fv2%2Fmedia&parent=162561"}],"wp:term":[{"taxonomy":"category","embeddable":true,"href":"https:\/\/diariodominicano.com\/index.php?rest_route=%2Fwp%2Fv2%2Fcategories&post=162561"},{"taxonomy":"post_tag","embeddable":true,"href":"https:\/\/diariodominicano.com\/index.php?rest_route=%2Fwp%2Fv2%2Ftags&post=162561"}],"curies":[{"name":"wp","href":"https:\/\/api.w.org\/{rel}","templated":true}]}}