{"id":162560,"date":"2014-07-29T14:49:52","date_gmt":"2014-07-29T14:49:52","guid":{"rendered":"http:\/\/diariodominicano.ddns.net\/?p=162560"},"modified":"2014-07-29T14:49:52","modified_gmt":"2014-07-29T14:49:52","slug":"asuntos-municipales-del-pld-aborda-lo-relativo-a-la-conformacion-de-las-diferentes-salas-capitulares","status":"publish","type":"post","link":"https:\/\/diariodominicano.com\/?p=162560","title":{"rendered":"Asuntos Municipales del PLD aborda lo relativo a la conformaci\u00f3n de las diferentes salas capitulares"},"content":{"rendered":"<p><body><\/p>\n<p>Santo Domingo RD 29 julio.- La Secretar\u00eda de Asuntos Municipales del Partido de la Liberaci\u00f3n Dominicana inform\u00f3 que el pr\u00f3ximo mi\u00e9rcoles sostendr\u00e1 un encuentro con todos los municipalistas de la organizaci\u00f3n donde se tratar\u00e1n los puntos que fueron aprobados en el VIII Congreso Comandante Norge Botello, as\u00ed como lo relativo a la escogencia de las diferentes salas capitulares.<\/p>\n<\/p>\n<p>El anuncio fue hecho por Ignacio Ditr\u00e9n, titular de la Secretar\u00eda de Asuntos Municipales del PLD, en conferencia de prensa en la Casa Nacional del PLD, a la cual asisti\u00f3 el alcalde Juan de los Santos, miembro de Comit\u00e9 Pol\u00edtico y presidente de la Federaci\u00f3n Dominicana de Municipios, al igual que Domingo Contreras y Edmundo Garc\u00eda.<\/p>\n<\/p>\n<p>\u00abEn ese encuentro vamos a dise\u00f1ar con los compa\u00f1eros y compa\u00f1eras el plan de trabajo a seguir y los temas pendientes de ejecuci\u00f3n en el a\u00e9rea de la municipalidad. En primer lugar vamos a tratar los puntos que fueron aprobados en el Congreso Norge Botello\u00bb, explic\u00f3 Ditr\u00e9n, rese\u00f1ado por la Secretar\u00eda de Comunicaciones del PLD.<\/p>\n<\/p>\n<p>Ditr\u00e9n dijo que en el VIII Congreso Ordinario Comandante Norge Botello se aprobaron una serie de puntos que van a fortalecer las actividades municipales de Partido de la Liberaci\u00f3n Dominicana, puesto que traza unos ejes conceptuales que deber\u00e1n cumplirse, al tiempo que establece condiciones disciplinarias.<\/p>\n<\/p>\n<p>En un folleto distribuido en la conferencia de prensa se precisa que como punto pendiente la Secretar\u00eda de Asuntos Municipales plantea el restablecimiento de la Comisi\u00f3n Pol\u00edtico-t\u00e9cnica del PLD y colocar el tema de la municipalidad en los organismos<\/p>\n<\/p>\n<p>El titular de Asuntos Municipales del PLD tambi\u00e9n inform\u00f3 que en esa actividad hablar\u00e1n de la elecci\u00f3n de los bufetes directivos el 16 de agosto en el Congreso Nacional, el cual asegura se har\u00e1n en armon\u00eda y de conformidad con las directrices del Comit\u00e9 Pol\u00edtico y acorde con las dem\u00e1s organizaciones pol\u00edticas con representaci\u00f3n en los ayuntamientos del pa\u00eds.<\/p>\n<\/p>\n<p>Record\u00f3 que para la conformaci\u00f3n de las salas capitulares el Comit\u00e9 Pol\u00edtico designa una comisi\u00f3n en coordinaci\u00f3n con la Secretar\u00eda de Asuntos Municipales pelede\u00edsta.<\/p>\n<\/p>\n<p>Manifest\u00f3 que despu\u00e9s de la elecci\u00f3n de los bufetes directivos viene la escogencia de la Asociaci\u00f3n Dominicana de Regidores, as\u00ed como tambi\u00e9n la Federaci\u00f3n de Distritos Municipales y finalmente de la Federaci\u00f3n de Mujeres Municipalistas, para todo ello el PLD, se prepara.<\/p>\n<\/p>\n<p>Precis\u00f3 que en cada una de estas elecciones los pelede\u00edstas deben mantener un clima de paz y armon\u00eda como ha sido una tradici\u00f3n del Partido de la Liberaci\u00f3n Dominicana.<\/p>\n<\/p>\n<p>Ignacio Ditr\u00e9n tambi\u00e9n valor\u00f3 la descentralizaci\u00f3n municipal que se lleva a cabo, afirmando que la misma contribuye de manera significativa al fortalecimiento de la democracia.<\/p>\n<\/p>\n<p>Igualmente afirm\u00f3 que el tema de la transparencia siempre ha estado en cada una de las actividades municipales que realiza el Partido de la Liberaci\u00f3n Dominicana y que cada vez que asumen nuevas autoridades insisten la importancia de mantener presente ese punto.<\/p>\n<\/p>\n<h6> 2014-07-29 14:49:52 <\/h6>\n<p><!--\n<link rel=\"stylesheet\" href=\"css\/bootstrap.min.css\">\n\n\n<ul class=\"pagination\">\n\t    \n\t\n\n<li >\n\t<a href='?page_no=14953'>Previous<\/a>\n\t<\/li>\n\n\n       \n    \n\n<li><a href='?page_no=1'>1<\/a><\/li>\n\n\n\n<li><a href='?page_no=2'>2<\/a><\/li>\n\n\n\n<li><a>...<\/a><\/li>\n\n\n\n<li><a href='?page_no=14952'>14952<\/a><\/li>\n\n\n\n<li><a href='?page_no=14953'>14953<\/a><\/li>\n\n\n\n<li class='active'><a>14954<\/a><\/li>\n\n\n\n<li><a href='?page_no=14955'>14955<\/a><\/li>\n\n\n\n<li><a href='?page_no=14956'>14956<\/a><\/li>\n\n\n\n<li><a>...<\/a><\/li>\n\n\n\n<li><a href='?page_no=36999'>36999<\/a><\/li>\n\n\n\n<li><a href='?page_no=37000'>37000<\/a><\/li>\n\n    \n\t\n\n<li >\n\t<a href='?page_no=14955'>Next<\/a>\n\t<\/li>\n\n\n    \n\n<li><a href='?page_no=37000'>Last &rsaquo;&rsaquo;<\/a><\/li>\n\n<\/ul>\n\n\n--><br \/>\n<\/body><\/p>\n","protected":false},"excerpt":{"rendered":"<p>Santo Domingo RD 29 julio.- La Secretar\u00eda de Asuntos Municipales del Partido de la Liberaci\u00f3n Dominicana inform\u00f3 que el pr\u00f3ximo mi\u00e9rcoles sostendr\u00e1 un encuentro con todos los municipalistas de la organizaci\u00f3n donde se tratar\u00e1n los puntos que fueron aprobados en el VIII Congreso Comandante Norge Botello, as\u00ed como lo relativo a la escogencia de las [&hellip;]<\/p>\n","protected":false},"author":3,"featured_media":0,"comment_status":"open","ping_status":"open","sticky":false,"template":"","format":"standard","meta":{"footnotes":""},"categories":[22],"tags":[],"class_list":["post-162560","post","type-post","status-publish","format-standard","hentry","category-politica"],"_links":{"self":[{"href":"https:\/\/diariodominicano.com\/index.php?rest_route=\/wp\/v2\/posts\/162560","targetHints":{"allow":["GET"]}}],"collection":[{"href":"https:\/\/diariodominicano.com\/index.php?rest_route=\/wp\/v2\/posts"}],"about":[{"href":"https:\/\/diariodominicano.com\/index.php?rest_route=\/wp\/v2\/types\/post"}],"author":[{"embeddable":true,"href":"https:\/\/diariodominicano.com\/index.php?rest_route=\/wp\/v2\/users\/3"}],"replies":[{"embeddable":true,"href":"https:\/\/diariodominicano.com\/index.php?rest_route=%2Fwp%2Fv2%2Fcomments&post=162560"}],"version-history":[{"count":0,"href":"https:\/\/diariodominicano.com\/index.php?rest_route=\/wp\/v2\/posts\/162560\/revisions"}],"wp:attachment":[{"href":"https:\/\/diariodominicano.com\/index.php?rest_route=%2Fwp%2Fv2%2Fmedia&parent=162560"}],"wp:term":[{"taxonomy":"category","embeddable":true,"href":"https:\/\/diariodominicano.com\/index.php?rest_route=%2Fwp%2Fv2%2Fcategories&post=162560"},{"taxonomy":"post_tag","embeddable":true,"href":"https:\/\/diariodominicano.com\/index.php?rest_route=%2Fwp%2Fv2%2Ftags&post=162560"}],"curies":[{"name":"wp","href":"https:\/\/api.w.org\/{rel}","templated":true}]}}