{"id":162559,"date":"2014-07-29T15:17:26","date_gmt":"2014-07-29T15:17:26","guid":{"rendered":"http:\/\/diariodominicano.ddns.net\/?p=162559"},"modified":"2014-07-29T15:17:26","modified_gmt":"2014-07-29T15:17:26","slug":"junior-santos-advierte-que-milagros-y-subervi-estan-fuera-del-prd","status":"publish","type":"post","link":"https:\/\/diariodominicano.com\/?p=162559","title":{"rendered":"Junior Santos advierte que Milagros y Suberv\u00ed est\u00e1n fuera del PRD"},"content":{"rendered":"<p><body><\/p>\n<p><img decoding=\"async\" src=\"img3\/junior 29.jpg\" \/><br \/><img decoding=\"async\" src=\"img3\/milagro 29.jpeg\" \/>  <\/p>\n<p>DIVISI\u00d3N DEL PRD<\/p>\n<p>Junior Santos advierte que Milagros y Suberv\u00ed est\u00e1n fuera del PRD<\/p>\n<p>DICE TODO DIRIGENTE QUE SE JURAMENTA EN OTRA ORGANIZACI\u00d3N SER\u00c1 EXCLUIDO<\/p>\n<\/p>\n<p>Santo Domingo<\/p>\n<p>El secretario general del Partido Revolucionario Dominicano (PRD), Junior Santos, expres\u00f3 ayer que la exvicepresidenta de la Rep\u00fablica, Milagros Ortiz Bosch; Rafael Suberv\u00ed Bonilla y todo dirigente que pase a formar parte de otra organizaci\u00f3n pol\u00edtica, quedan autom\u00e1ticamente fuera del partido blanco, ya que la doble militancia no es permitida en esa instituci\u00f3n.<\/p>\n<\/p>\n<p>Santos calific\u00f3 la juramentaci\u00f3n de Milagros Ortiz Bosch en el Partido Revolucionario Mayoritario (PRM), como una renuncia no documentada, ya que al pasar a formar parte de un partido que hace oposici\u00f3n a otro, autom\u00e1ticamente quien lo hace pierde la membres\u00eda.<\/p>\n<\/p>\n<p>El secretario general del PRD habl\u00f3 a prop\u00f3sito de que el pasado s\u00e1bado la exdirigenta del partido blanco fue juramentada como presidenta del PRM en el Distrito Nacional,  en un acto realizado en el club Los Prados y al que asistieron el aspirante presidencial Luis Abinader, Jes\u00fas V\u00e1squez, Andr\u00e9s Bautista, Geanilda V\u00e1squez y otros exdirigentes del PRD.<\/p>\n<\/p>\n<p>El PRM es el espacio pol\u00edtico que impulsan el expresidente  Hip\u00f3lito Mej\u00eda, Luis Abinader y otros dirigentes,  los cuales d\u00edas antes de la convenci\u00f3n nacional del PRD depositaron ante la Junta Central Electoral la documentaci\u00f3n necesaria para solicitar el cambio de nombre del partido Alianza Social Dominicana (ASD), por el de Partido Revolucionario Mayoritario.<\/p>\n<\/p>\n<p>Ortiz Bosch, con una amplia trayectoria pol\u00edtica dentro del PRD, fue senadora del Distrito Nacional y ocup\u00f3 la vicepresidencia de la Rep\u00fablica en el per\u00edodo 2000-2004, cuando ese partido llev\u00f3 como candidato presidencia a Mej\u00eda.<\/p>\n<\/p>\n<p>La dirigencia del PRM ha expresado su decisi\u00f3n de participar con candidaturas en las elecciones del 2016.  <\/p>\n<h6> 2014-07-29 15:17:26 <\/h6>\n<p><!--\n<link rel=\"stylesheet\" href=\"css\/bootstrap.min.css\">\n\n\n<ul class=\"pagination\">\n\t    \n\t\n\n<li >\n\t<a href='?page_no=14952'>Previous<\/a>\n\t<\/li>\n\n\n       \n    \n\n<li><a href='?page_no=1'>1<\/a><\/li>\n\n\n\n<li><a href='?page_no=2'>2<\/a><\/li>\n\n\n\n<li><a>...<\/a><\/li>\n\n\n\n<li><a href='?page_no=14951'>14951<\/a><\/li>\n\n\n\n<li><a href='?page_no=14952'>14952<\/a><\/li>\n\n\n\n<li class='active'><a>14953<\/a><\/li>\n\n\n\n<li><a href='?page_no=14954'>14954<\/a><\/li>\n\n\n\n<li><a href='?page_no=14955'>14955<\/a><\/li>\n\n\n\n<li><a>...<\/a><\/li>\n\n\n\n<li><a href='?page_no=36999'>36999<\/a><\/li>\n\n\n\n<li><a href='?page_no=37000'>37000<\/a><\/li>\n\n    \n\t\n\n<li >\n\t<a href='?page_no=14954'>Next<\/a>\n\t<\/li>\n\n\n    \n\n<li><a href='?page_no=37000'>Last &rsaquo;&rsaquo;<\/a><\/li>\n\n<\/ul>\n\n\n--><br \/>\n<\/body><\/p>\n","protected":false},"excerpt":{"rendered":"<p>DIVISI\u00d3N DEL PRD Junior Santos advierte que Milagros y Suberv\u00ed est\u00e1n fuera del PRD DICE TODO DIRIGENTE QUE SE JURAMENTA EN OTRA ORGANIZACI\u00d3N SER\u00c1 EXCLUIDO Santo Domingo El secretario general del Partido Revolucionario Dominicano (PRD), Junior Santos, expres\u00f3 ayer que la exvicepresidenta de la Rep\u00fablica, Milagros Ortiz Bosch; Rafael Suberv\u00ed Bonilla y todo dirigente que [&hellip;]<\/p>\n","protected":false},"author":3,"featured_media":0,"comment_status":"open","ping_status":"open","sticky":false,"template":"","format":"standard","meta":{"footnotes":""},"categories":[22],"tags":[],"class_list":["post-162559","post","type-post","status-publish","format-standard","hentry","category-politica"],"_links":{"self":[{"href":"https:\/\/diariodominicano.com\/index.php?rest_route=\/wp\/v2\/posts\/162559","targetHints":{"allow":["GET"]}}],"collection":[{"href":"https:\/\/diariodominicano.com\/index.php?rest_route=\/wp\/v2\/posts"}],"about":[{"href":"https:\/\/diariodominicano.com\/index.php?rest_route=\/wp\/v2\/types\/post"}],"author":[{"embeddable":true,"href":"https:\/\/diariodominicano.com\/index.php?rest_route=\/wp\/v2\/users\/3"}],"replies":[{"embeddable":true,"href":"https:\/\/diariodominicano.com\/index.php?rest_route=%2Fwp%2Fv2%2Fcomments&post=162559"}],"version-history":[{"count":0,"href":"https:\/\/diariodominicano.com\/index.php?rest_route=\/wp\/v2\/posts\/162559\/revisions"}],"wp:attachment":[{"href":"https:\/\/diariodominicano.com\/index.php?rest_route=%2Fwp%2Fv2%2Fmedia&parent=162559"}],"wp:term":[{"taxonomy":"category","embeddable":true,"href":"https:\/\/diariodominicano.com\/index.php?rest_route=%2Fwp%2Fv2%2Fcategories&post=162559"},{"taxonomy":"post_tag","embeddable":true,"href":"https:\/\/diariodominicano.com\/index.php?rest_route=%2Fwp%2Fv2%2Ftags&post=162559"}],"curies":[{"name":"wp","href":"https:\/\/api.w.org\/{rel}","templated":true}]}}