{"id":162558,"date":"2014-07-29T20:05:05","date_gmt":"2014-07-29T20:05:05","guid":{"rendered":"http:\/\/diariodominicano.ddns.net\/?p=162558"},"modified":"2014-07-29T20:05:05","modified_gmt":"2014-07-29T20:05:05","slug":"ismael-reyes-y-alto-dirigente-del-partido-popular-pasan-revista-a-la-situacion-politica-de-espana-y-de-rd","status":"publish","type":"post","link":"https:\/\/diariodominicano.com\/?p=162558","title":{"rendered":"&#13;Ismael Reyes y alto dirigente del Partido Popular pasan revista a la situaci\u00f3n pol\u00edtica de Espa\u00f1a y de RD&#13;"},"content":{"rendered":"<p><body><\/p>\n<p><img decoding=\"async\" src=\"img3\/Ismal.jpg\" \/>  <\/p>\n<\/p>\n<p><span class=\"text1noticias\">Santo Domingo, RD, 29 de julio.- Durante un encuentro celebrado en Espa\u00f1a, el l\u00edder del Partido Dem\u00f3crata Institucional, PDI, doctor Ismael Reyes y el destacado dirigente del Partido Popular (PP), licenciado \u00c1ngel Loren,  intercambiaron impresiones sobre diversos puntos de vistas y perspectivas acerca de la situaci\u00f3n econ\u00f3mica, social y pol\u00edtica de Espa\u00f1a y de la Rep\u00fablica Dominicana, as\u00ed como del conflictivo escenario internacional.<\/span><\/p>\n<\/p>\n<p><span class=\"text1noticias\">Ambos dirigentes, quienes se conocen desde hace ya muchos a\u00f1os, pasaron revista a diversos temas de inter\u00e9s relacionados con los retos a enfrentar por las organizaciones pol\u00edticas que ambos representan. <\/span><\/p>\n<\/p>\n<p><span class=\"text1noticias\">El Sr. \u00c1ngel Loren, quien ostenta una representaci\u00f3n en el parlamento por Zaragoza, expuso ante el presidente del PDI, Dr. Ismael Reyes la visi\u00f3n suya y de su partido acerca de la evoluci\u00f3n de la situaci\u00f3n espa\u00f1ola dentro del contexto particular y general.<\/span><\/p>\n<\/p>\n<p><span class=\"text1noticias\">Por su parte, el presidente de los pedeistas le inform\u00f3  que se mantiene evaluando la situaci\u00f3n pol\u00edtica interna dominicana de cara al pr\u00f3ximo torneo electoral, donde el PDI espera desempe\u00f1ar un papel airoso como parte de las fuerzas emergentes.<\/span><\/p>\n<\/p>\n<p><span class=\"text1noticias\">Durante la reuni\u00f3n Reyes comunic\u00f3 a su interlocutor espa\u00f1ol que el PDI est\u00e1 considerando marchar solo a las elecciones del 2016, aunque no descarta por completo alguna posible alianza con partidos y candidatos que coincidan con el proyecto de naci\u00f3n y programa de gobierno que busca implementar el PDI desde el poder.<\/span><\/p>\n<\/p>\n<p><span class=\"text1noticias\">La decisi\u00f3n de concurrir apoyado en sus propias fuerzas es producto de lo difusa y complicada que luce la unidad de la oposici\u00f3n dominicana para sacar del poder al gobernante Partido de la Liberaci\u00f3n Dominicana (PLD), extern\u00f3 Ismael respondiendo a una pregunta del pol\u00edtico ib\u00e9rico. <\/span><\/p>\n<\/p>\n<p><span class=\"text1noticias\">El doctor Ismael Reyes le expres\u00f3 al dirigente espa\u00f1ol, que le preocupaba el tema de la financiaci\u00f3n de la campana del a\u00f1o 2016, por lo costosas que resultan las campa\u00f1as pol\u00edticas en la Rep\u00fablica Dominicana, debido al clientelismo  que ya han impuesto los partidos tradicionales dominicanos, lo cual tergiversa el sentido de la democracia al permitir a los m\u00e1s poderosos corromper las conciencias de los m\u00e1s d\u00e9biles e ignorantes.<\/span><\/p>\n<\/p>\n<p><span class=\"text1noticias\">Ismael Reyes le se\u00f1al\u00f3 al licenciado \u00c1ngel Loren, que de todas maneras, la decisi\u00f3n de los altos dirigentes del PDI de marchar solos en el proceso comicial del a\u00f1o 2016, estaba supeditado  a que el Partido pudiera conseguir la colaboraci\u00f3n econ\u00f3mica necesaria que le permita hacer un papel  honorable en esa competencia.<\/span><\/p>\n<h6> 2014-07-29 20:05:05 <\/h6>\n<p><!--\n<link rel=\"stylesheet\" href=\"css\/bootstrap.min.css\">\n\n\n<ul class=\"pagination\">\n\t    \n\t\n\n<li >\n\t<a href='?page_no=14951'>Previous<\/a>\n\t<\/li>\n\n\n       \n    \n\n<li><a href='?page_no=1'>1<\/a><\/li>\n\n\n\n<li><a href='?page_no=2'>2<\/a><\/li>\n\n\n\n<li><a>...<\/a><\/li>\n\n\n\n<li><a href='?page_no=14950'>14950<\/a><\/li>\n\n\n\n<li><a href='?page_no=14951'>14951<\/a><\/li>\n\n\n\n<li class='active'><a>14952<\/a><\/li>\n\n\n\n<li><a href='?page_no=14953'>14953<\/a><\/li>\n\n\n\n<li><a href='?page_no=14954'>14954<\/a><\/li>\n\n\n\n<li><a>...<\/a><\/li>\n\n\n\n<li><a href='?page_no=36999'>36999<\/a><\/li>\n\n\n\n<li><a href='?page_no=37000'>37000<\/a><\/li>\n\n    \n\t\n\n<li >\n\t<a href='?page_no=14953'>Next<\/a>\n\t<\/li>\n\n\n    \n\n<li><a href='?page_no=37000'>Last &rsaquo;&rsaquo;<\/a><\/li>\n\n<\/ul>\n\n\n--><br \/>\n<\/body><\/p>\n","protected":false},"excerpt":{"rendered":"<p>Santo Domingo, RD, 29 de julio.- Durante un encuentro celebrado en Espa\u00f1a, el l\u00edder del Partido Dem\u00f3crata Institucional, PDI, doctor Ismael Reyes y el destacado dirigente del Partido Popular (PP), licenciado \u00c1ngel Loren, intercambiaron impresiones sobre diversos puntos de vistas y perspectivas acerca de la situaci\u00f3n econ\u00f3mica, social y pol\u00edtica de Espa\u00f1a y de la [&hellip;]<\/p>\n","protected":false},"author":3,"featured_media":0,"comment_status":"open","ping_status":"open","sticky":false,"template":"","format":"standard","meta":{"footnotes":""},"categories":[22],"tags":[],"class_list":["post-162558","post","type-post","status-publish","format-standard","hentry","category-politica"],"_links":{"self":[{"href":"https:\/\/diariodominicano.com\/index.php?rest_route=\/wp\/v2\/posts\/162558","targetHints":{"allow":["GET"]}}],"collection":[{"href":"https:\/\/diariodominicano.com\/index.php?rest_route=\/wp\/v2\/posts"}],"about":[{"href":"https:\/\/diariodominicano.com\/index.php?rest_route=\/wp\/v2\/types\/post"}],"author":[{"embeddable":true,"href":"https:\/\/diariodominicano.com\/index.php?rest_route=\/wp\/v2\/users\/3"}],"replies":[{"embeddable":true,"href":"https:\/\/diariodominicano.com\/index.php?rest_route=%2Fwp%2Fv2%2Fcomments&post=162558"}],"version-history":[{"count":0,"href":"https:\/\/diariodominicano.com\/index.php?rest_route=\/wp\/v2\/posts\/162558\/revisions"}],"wp:attachment":[{"href":"https:\/\/diariodominicano.com\/index.php?rest_route=%2Fwp%2Fv2%2Fmedia&parent=162558"}],"wp:term":[{"taxonomy":"category","embeddable":true,"href":"https:\/\/diariodominicano.com\/index.php?rest_route=%2Fwp%2Fv2%2Fcategories&post=162558"},{"taxonomy":"post_tag","embeddable":true,"href":"https:\/\/diariodominicano.com\/index.php?rest_route=%2Fwp%2Fv2%2Ftags&post=162558"}],"curies":[{"name":"wp","href":"https:\/\/api.w.org\/{rel}","templated":true}]}}