{"id":162557,"date":"2014-07-29T20:16:14","date_gmt":"2014-07-29T20:16:14","guid":{"rendered":"http:\/\/diariodominicano.ddns.net\/?p=162557"},"modified":"2014-07-29T20:16:14","modified_gmt":"2014-07-29T20:16:14","slug":"senador-sanchez-roa-recibe-al-presidente-del-anpa","status":"publish","type":"post","link":"https:\/\/diariodominicano.com\/?p=162557","title":{"rendered":"&#13;&#13;Senador S\u00e1nchez Roa recibe al presidente del ANPA"},"content":{"rendered":"<p><body><\/p>\n<p><img decoding=\"async\" src=\"img3\/sanchez1.jpg\" \/><br \/><img decoding=\"async\" src=\"img3\/sanchez2.jpg\" \/><br \/><img decoding=\"async\" src=\"img3\/sanchez3.jpg\" \/>  <\/p>\n<\/p>\n<p><span class=\"text1noticias\"> <\/span><\/p>\n<p><span class=\"text1noticias\">Santo Domingo, RD, 29 de julio.- El senador por la provincia El\u00edas Pi\u00f1a Adriano S\u00e1nchez Roa, recibi\u00f3 en su despacho al presidente de la Asociaci\u00f3n Nacional de Profesionales Agr\u00edcolas (ANPA), ingeniero agr\u00f3nomo Andr\u00e9s G\u00f3mez P\u00e9rez, para tratar sobre el proyecto sometido en enero del presente a\u00f1o, donde se crea el Colegio Dominicano de Profesionales Agropecuarios.<\/span><\/p>\n<\/p>\n<p><span class=\"text1noticias\">Este proyecto surge ante la necesidad de fortalecer el sector agropecuario, ya que se necesita revolucionar la asistencia t\u00e9cnica de este sector, y as\u00ed poder complementar nuestros productos agropecuarios de manera que podemos producirlos nosotros mismos con facilidad y no tener que importar de otros pa\u00edses.<\/span><\/p>\n<p><span class=\"text1noticias\"> <\/span><\/p>\n<p><span class=\"text1noticias\">Adem\u00e1s, busca dar a conocer el sector agropecuario en la parte cient\u00edfica y de complemento al sector p\u00fablico.<\/span><\/p>\n<\/p>\n<p><span class=\"text1noticias\">Tambi\u00e9n promover entre los colegiados conocimientos cient\u00edficos,  t\u00e9cnicos y art\u00edsticos mediante diferentes actividades, verificar la autenticidad de los t\u00edtulos profesionales habilitados, impedir que la profesi\u00f3n sea ejercida por quienes no han cumplido los requisitos legales, fiscalizar el ejercicio profesional, actuar gremialmente,  entre otros puntos. <\/span><\/p>\n<p><span class=\"text1noticias\"> <\/span><\/p>\n<p><span class=\"text1noticias\">Este gremio  asesorar\u00e1 al Estado en diferentes l\u00edneas de acci\u00f3n como estudios de viabilidad, anteproyectos, asesor\u00eda t\u00e9cnica, investigaci\u00f3n, direcci\u00f3n de obra, ordenamiento del territorio, valoraciones y tasaciones, experimentaci\u00f3n y ensayo e informes y estudios.<\/span><\/p>\n<\/p>\n<p><span class=\"text1noticias\">El presidente de ANPA estuvo acompa\u00f1ado de una amplia comitiva de profesionales de esta \u00e1rea.<\/span><\/p>\n<h6> 2014-07-29 20:16:14 <\/h6>\n<p><!--\n<link rel=\"stylesheet\" href=\"css\/bootstrap.min.css\">\n\n\n<ul class=\"pagination\">\n\t    \n\t\n\n<li >\n\t<a href='?page_no=14950'>Previous<\/a>\n\t<\/li>\n\n\n       \n    \n\n<li><a href='?page_no=1'>1<\/a><\/li>\n\n\n\n<li><a href='?page_no=2'>2<\/a><\/li>\n\n\n\n<li><a>...<\/a><\/li>\n\n\n\n<li><a href='?page_no=14949'>14949<\/a><\/li>\n\n\n\n<li><a href='?page_no=14950'>14950<\/a><\/li>\n\n\n\n<li class='active'><a>14951<\/a><\/li>\n\n\n\n<li><a href='?page_no=14952'>14952<\/a><\/li>\n\n\n\n<li><a href='?page_no=14953'>14953<\/a><\/li>\n\n\n\n<li><a>...<\/a><\/li>\n\n\n\n<li><a href='?page_no=36999'>36999<\/a><\/li>\n\n\n\n<li><a href='?page_no=37000'>37000<\/a><\/li>\n\n    \n\t\n\n<li >\n\t<a href='?page_no=14952'>Next<\/a>\n\t<\/li>\n\n\n    \n\n<li><a href='?page_no=37000'>Last &rsaquo;&rsaquo;<\/a><\/li>\n\n<\/ul>\n\n\n--><br \/>\n<\/body><\/p>\n","protected":false},"excerpt":{"rendered":"<p>Santo Domingo, RD, 29 de julio.- El senador por la provincia El\u00edas Pi\u00f1a Adriano S\u00e1nchez Roa, recibi\u00f3 en su despacho al presidente de la Asociaci\u00f3n Nacional de Profesionales Agr\u00edcolas (ANPA), ingeniero agr\u00f3nomo Andr\u00e9s G\u00f3mez P\u00e9rez, para tratar sobre el proyecto sometido en enero del presente a\u00f1o, donde se crea el Colegio Dominicano de Profesionales Agropecuarios. [&hellip;]<\/p>\n","protected":false},"author":3,"featured_media":0,"comment_status":"open","ping_status":"open","sticky":false,"template":"","format":"standard","meta":{"footnotes":""},"categories":[22],"tags":[],"class_list":["post-162557","post","type-post","status-publish","format-standard","hentry","category-politica"],"_links":{"self":[{"href":"https:\/\/diariodominicano.com\/index.php?rest_route=\/wp\/v2\/posts\/162557","targetHints":{"allow":["GET"]}}],"collection":[{"href":"https:\/\/diariodominicano.com\/index.php?rest_route=\/wp\/v2\/posts"}],"about":[{"href":"https:\/\/diariodominicano.com\/index.php?rest_route=\/wp\/v2\/types\/post"}],"author":[{"embeddable":true,"href":"https:\/\/diariodominicano.com\/index.php?rest_route=\/wp\/v2\/users\/3"}],"replies":[{"embeddable":true,"href":"https:\/\/diariodominicano.com\/index.php?rest_route=%2Fwp%2Fv2%2Fcomments&post=162557"}],"version-history":[{"count":0,"href":"https:\/\/diariodominicano.com\/index.php?rest_route=\/wp\/v2\/posts\/162557\/revisions"}],"wp:attachment":[{"href":"https:\/\/diariodominicano.com\/index.php?rest_route=%2Fwp%2Fv2%2Fmedia&parent=162557"}],"wp:term":[{"taxonomy":"category","embeddable":true,"href":"https:\/\/diariodominicano.com\/index.php?rest_route=%2Fwp%2Fv2%2Fcategories&post=162557"},{"taxonomy":"post_tag","embeddable":true,"href":"https:\/\/diariodominicano.com\/index.php?rest_route=%2Fwp%2Fv2%2Ftags&post=162557"}],"curies":[{"name":"wp","href":"https:\/\/api.w.org\/{rel}","templated":true}]}}