{"id":162556,"date":"2014-07-29T20:27:06","date_gmt":"2014-07-29T20:27:06","guid":{"rendered":"http:\/\/diariodominicano.ddns.net\/?p=162556"},"modified":"2014-07-29T20:27:06","modified_gmt":"2014-07-29T20:27:06","slug":"profesionales-de-la-salud-del-pld-evaluan-trabajos","status":"publish","type":"post","link":"https:\/\/diariodominicano.com\/?p=162556","title":{"rendered":"&#13;&#13;&#13;&#13;Profesionales de la salud del PLD eval\u00faan trabajos"},"content":{"rendered":"<p><body><\/p>\n<p><img decoding=\"async\" src=\"img3\/medicos.jpg\" \/>  <\/p>\n<p><span class=\"text1noticias\"> <\/span><\/p>\n<p><span class=\"text1noticias\">Santo Domingo, RD, 29 de julio.- Profesionales de la medicina organizados en el movimiento \u00abEl sector salud en  apoyo al PLD\u00bb valoraron como positivo el trabajo que vienen realizando para colaborar con las iniciativas gubernamentales en el sector y de antemano apoyar la candidatura que para el pr\u00f3ximo torneo electoral, presente el Partido de la Liberaci\u00f3n Dominicana.<\/span><\/p>\n<p><span class=\"text1noticias\"> <\/span><\/p>\n<p><span class=\"text1noticias\">La regional Este se reuni\u00f3 el pasado fin de semana pasando balance a los pasos dados y las tareas que tienen pendiente, acorde al plan de trabajo trazado para este a\u00f1o.<\/span><\/p>\n<p><span class=\"text1noticias\"> <\/span><\/p>\n<p><span class=\"text1noticias\">Jos\u00e9 Rodr\u00edguez Aybar, coordinador del equipo,  resalt\u00f3 el esfuerzo y dedicaci\u00f3n de los profesionales de la salud, quienes pese a sus ocupaciones, sacan tiempo para aunar sus esfuerzos a los PLD en procura de consolidar el sector.<\/span><\/p>\n<p><span class=\"text1noticias\"> <\/span><\/p>\n<p><span class=\"text1noticias\">\u00abLes exhort\u00f3  a continuar trabajando sin descanso en aras de mantener en el poder pol\u00edtico del Estado Dominicano al PLD\u00bb dijo Rodr\u00edguez Aybar al finalizar la reuni\u00f3n y luego de escuchar el informe de los integrantes<\/span><\/p>\n<p><span class=\"text1noticias\"> <\/span><\/p>\n<p><span class=\"text1noticias\">El encuentro reuni\u00f3 a las provincias del Este del Pa\u00eds (La  Altagracia, Hato Mayor, el Seibo, La Romana, y el anfitri\u00f3n San Pedro de Macor\u00eds).<\/span><\/p>\n<p><span class=\"text1noticias\"> <\/span><\/p>\n<p><span class=\"text1noticias\">\u00abEl sector salud en  apoyo al PLD\u00bb es la declaraci\u00f3n de prop\u00f3sito de m\u00e9dicos, bionalistas, enfermeras, epidemi\u00f3logos y otros tantos profesionales ligado al sector quienes son dirigentes del partido morado, la gran mayor\u00eda y otros son amigos, relacionados o simpatizantes.<\/span><\/p>\n<\/p>\n<p><span class=\"text1noticias\">Se define el movimiento que se ha  formado,  de naturaleza pol\u00edtica partidaria, pero con un gran componente social, para colaborar haciendo aportes en las estrategias de salud y trabajar a favor del bienestar colectivo.<\/span><\/p>\n<p><span class=\"text1noticias\"> <\/span><\/p>\n<p><span class=\"text1noticias\">Los pr\u00f3ximos encuentros evaluativos ser\u00e1n celebrados cada s\u00e1bado en las distintas regiones del pa\u00eds, la provincia Santo Domingo y el Distrito Nacional, se destaca en un despacho de la Secretar\u00eda de Comunicaciones del PLD<\/span><\/p>\n<h6> 2014-07-29 20:27:06 <\/h6>\n<p><!--\n<link rel=\"stylesheet\" href=\"css\/bootstrap.min.css\">\n\n\n<ul class=\"pagination\">\n\t    \n\t\n\n<li >\n\t<a href='?page_no=14949'>Previous<\/a>\n\t<\/li>\n\n\n       \n    \n\n<li><a href='?page_no=1'>1<\/a><\/li>\n\n\n\n<li><a href='?page_no=2'>2<\/a><\/li>\n\n\n\n<li><a>...<\/a><\/li>\n\n\n\n<li><a href='?page_no=14948'>14948<\/a><\/li>\n\n\n\n<li><a href='?page_no=14949'>14949<\/a><\/li>\n\n\n\n<li class='active'><a>14950<\/a><\/li>\n\n\n\n<li><a href='?page_no=14951'>14951<\/a><\/li>\n\n\n\n<li><a href='?page_no=14952'>14952<\/a><\/li>\n\n\n\n<li><a>...<\/a><\/li>\n\n\n\n<li><a href='?page_no=36999'>36999<\/a><\/li>\n\n\n\n<li><a href='?page_no=37000'>37000<\/a><\/li>\n\n    \n\t\n\n<li >\n\t<a href='?page_no=14951'>Next<\/a>\n\t<\/li>\n\n\n    \n\n<li><a href='?page_no=37000'>Last &rsaquo;&rsaquo;<\/a><\/li>\n\n<\/ul>\n\n\n--><br \/>\n<\/body><\/p>\n","protected":false},"excerpt":{"rendered":"<p>Santo Domingo, RD, 29 de julio.- Profesionales de la medicina organizados en el movimiento \u00abEl sector salud en apoyo al PLD\u00bb valoraron como positivo el trabajo que vienen realizando para colaborar con las iniciativas gubernamentales en el sector y de antemano apoyar la candidatura que para el pr\u00f3ximo torneo electoral, presente el Partido de la [&hellip;]<\/p>\n","protected":false},"author":3,"featured_media":0,"comment_status":"open","ping_status":"open","sticky":false,"template":"","format":"standard","meta":{"footnotes":""},"categories":[22],"tags":[],"class_list":["post-162556","post","type-post","status-publish","format-standard","hentry","category-politica"],"_links":{"self":[{"href":"https:\/\/diariodominicano.com\/index.php?rest_route=\/wp\/v2\/posts\/162556","targetHints":{"allow":["GET"]}}],"collection":[{"href":"https:\/\/diariodominicano.com\/index.php?rest_route=\/wp\/v2\/posts"}],"about":[{"href":"https:\/\/diariodominicano.com\/index.php?rest_route=\/wp\/v2\/types\/post"}],"author":[{"embeddable":true,"href":"https:\/\/diariodominicano.com\/index.php?rest_route=\/wp\/v2\/users\/3"}],"replies":[{"embeddable":true,"href":"https:\/\/diariodominicano.com\/index.php?rest_route=%2Fwp%2Fv2%2Fcomments&post=162556"}],"version-history":[{"count":0,"href":"https:\/\/diariodominicano.com\/index.php?rest_route=\/wp\/v2\/posts\/162556\/revisions"}],"wp:attachment":[{"href":"https:\/\/diariodominicano.com\/index.php?rest_route=%2Fwp%2Fv2%2Fmedia&parent=162556"}],"wp:term":[{"taxonomy":"category","embeddable":true,"href":"https:\/\/diariodominicano.com\/index.php?rest_route=%2Fwp%2Fv2%2Fcategories&post=162556"},{"taxonomy":"post_tag","embeddable":true,"href":"https:\/\/diariodominicano.com\/index.php?rest_route=%2Fwp%2Fv2%2Ftags&post=162556"}],"curies":[{"name":"wp","href":"https:\/\/api.w.org\/{rel}","templated":true}]}}