{"id":162554,"date":"2014-07-29T20:40:39","date_gmt":"2014-07-29T20:40:39","guid":{"rendered":"http:\/\/diariodominicano.ddns.net\/?p=162554"},"modified":"2014-07-29T20:40:39","modified_gmt":"2014-07-29T20:40:39","slug":"delegacion-miu-ante-congreso-venezuela-promueve-condena-a-israel-por-genocidio-y-conmemora-60-aniversario-natalicio-comandante-chavez","status":"publish","type":"post","link":"https:\/\/diariodominicano.com\/?p=162554","title":{"rendered":"&#13;&#13;&#13;&#13;Delegaci\u00f3n MIU ante Congreso Venezuela promueve condena a Israel por genocidio y conmemora 60 Aniversario Natalicio Comandante Ch\u00e1vez&#13;"},"content":{"rendered":"<p><body><\/p>\n<p><img decoding=\"async\" src=\"img3\/miguel.jpg\" \/><br \/><img decoding=\"async\" src=\"img3\/miguel2.jpg\" \/><br \/><img decoding=\"async\" src=\"img3\/miguel3.jpg\" \/>  <\/p>\n<p><span class=\"text1noticias\">Caracas, RPB, 29 de julio.-El Secretario General del Movimiento Izquierda Unida ?MIU- de Rep\u00fablica Dominicana, Miguel Mej\u00eda, participa en esta Capital de la Rep\u00fablica Bolivariana de Venezuela como invitado del III Congreso del Partido Socialista Unido de Venezuela (PSUV), ocasi\u00f3n que aprovech\u00f3 para promover una condena a Israel por el genocidio est\u00e1 perpetrando contra el pueblo palestino.<\/span><\/p>\n<\/p>\n<p><span class=\"text1noticias\">La propuesta del Secretario General del MIU fue bien acogida por el Tercer Congreso del PSUV y los representantes de las delegaciones internacionales de pa\u00edses de Am\u00e9rica Latina, Asia, Europa que participan en esta actividad.<\/span><\/p>\n<\/p>\n<p><span class=\"text1noticias\">La Delegaci\u00f3n de Rep\u00fablica Dominicana, a trav\u00e9s del Movimiento Izquierda Unida la integran Miguel Mej\u00eda y el doctor Elpidio N\u00fa\u00f1ez, Coordinador del Comit\u00e9 Provincial Ho Chi Minh, del municipio Santo Domingo Este, en el Gran Santo Domingo..<\/span><\/p>\n<\/p>\n<p><span class=\"text1noticias\">El Congreso del PSUV ha emitido varias Resoluciones, entre \u00e9stas sobre temas comunes internacionales, la defensa de los trabajadores, la crisis en Medio Oriente y el hegemonismo imperialista; la crisis del neoliberalismo, la lucha de los pueblos en defensa de su soberan\u00eda y contra la opresi\u00f3n; que han sido elevadas a la reuni\u00f3n de los pa\u00edses del Mercado Com\u00fan del Sur-MERCOSUR- que se desarrolla en este martes en Caracas.<\/span><\/p>\n<\/p>\n<p><span class=\"text1noticias\">En  el marco de esta reuni\u00f3n del  MERCOSUR, el MIU promovi\u00f3 la condena a Israel, mediante una comunicaci\u00f3n dirigida a los Gobiernos de este espacio de integraci\u00f3n regional, que mantienen relaciones diplom\u00e1ticas con ese actor del genocidio en Gaza.  <\/span><\/p>\n<\/p>\n<p><span class=\"text1noticias\">Hugo Ch\u00e1vez<\/span><\/p>\n<\/p>\n<p><span class=\"text1noticias\">La Delegaci\u00f3n del MIU al III Congreso del PSUV integrada por su Secretario General Miguel Mej\u00eda y el doctor Elpidio N\u00fa\u00f1ez particip\u00f3 en el homenaje al fenecido presidente de la Rep\u00fablica Bolivariana de Venezuela, Hugo Ch\u00e1vez, realizado en el Cuartel de la Monta\u00f1a este 28 de julio a las doce de la noche, encabezado por el presidente de Venezuela Nicol\u00e1s Maduro.<\/span><\/p>\n<\/p>\n<p><span class=\"text1noticias\">Hicieron guardia ante el pante\u00f3n de Ch\u00e1vez en honor a su legado, en reconocimiento a su lucha de vida por conducir y mantener la Revoluci\u00f3n Bolivariana y por sus aportes al proceso de integraci\u00f3n regional y a la unidad de los pueblos.<\/span><\/p>\n<h6> 2014-07-29 20:40:39 <\/h6>\n<p><!--\n<link rel=\"stylesheet\" href=\"css\/bootstrap.min.css\">\n\n\n<ul class=\"pagination\">\n\t    \n\t\n\n<li >\n\t<a href='?page_no=14948'>Previous<\/a>\n\t<\/li>\n\n\n       \n    \n\n<li><a href='?page_no=1'>1<\/a><\/li>\n\n\n\n<li><a href='?page_no=2'>2<\/a><\/li>\n\n\n\n<li><a>...<\/a><\/li>\n\n\n\n<li><a href='?page_no=14947'>14947<\/a><\/li>\n\n\n\n<li><a href='?page_no=14948'>14948<\/a><\/li>\n\n\n\n<li class='active'><a>14949<\/a><\/li>\n\n\n\n<li><a href='?page_no=14950'>14950<\/a><\/li>\n\n\n\n<li><a href='?page_no=14951'>14951<\/a><\/li>\n\n\n\n<li><a>...<\/a><\/li>\n\n\n\n<li><a href='?page_no=36999'>36999<\/a><\/li>\n\n\n\n<li><a href='?page_no=37000'>37000<\/a><\/li>\n\n    \n\t\n\n<li >\n\t<a href='?page_no=14950'>Next<\/a>\n\t<\/li>\n\n\n    \n\n<li><a href='?page_no=37000'>Last &rsaquo;&rsaquo;<\/a><\/li>\n\n<\/ul>\n\n\n--><br \/>\n<\/body><\/p>\n","protected":false},"excerpt":{"rendered":"<p>Caracas, RPB, 29 de julio.-El Secretario General del Movimiento Izquierda Unida ?MIU- de Rep\u00fablica Dominicana, Miguel Mej\u00eda, participa en esta Capital de la Rep\u00fablica Bolivariana de Venezuela como invitado del III Congreso del Partido Socialista Unido de Venezuela (PSUV), ocasi\u00f3n que aprovech\u00f3 para promover una condena a Israel por el genocidio est\u00e1 perpetrando contra el [&hellip;]<\/p>\n","protected":false},"author":3,"featured_media":0,"comment_status":"open","ping_status":"open","sticky":false,"template":"","format":"standard","meta":{"footnotes":""},"categories":[22],"tags":[],"class_list":["post-162554","post","type-post","status-publish","format-standard","hentry","category-politica"],"_links":{"self":[{"href":"https:\/\/diariodominicano.com\/index.php?rest_route=\/wp\/v2\/posts\/162554","targetHints":{"allow":["GET"]}}],"collection":[{"href":"https:\/\/diariodominicano.com\/index.php?rest_route=\/wp\/v2\/posts"}],"about":[{"href":"https:\/\/diariodominicano.com\/index.php?rest_route=\/wp\/v2\/types\/post"}],"author":[{"embeddable":true,"href":"https:\/\/diariodominicano.com\/index.php?rest_route=\/wp\/v2\/users\/3"}],"replies":[{"embeddable":true,"href":"https:\/\/diariodominicano.com\/index.php?rest_route=%2Fwp%2Fv2%2Fcomments&post=162554"}],"version-history":[{"count":0,"href":"https:\/\/diariodominicano.com\/index.php?rest_route=\/wp\/v2\/posts\/162554\/revisions"}],"wp:attachment":[{"href":"https:\/\/diariodominicano.com\/index.php?rest_route=%2Fwp%2Fv2%2Fmedia&parent=162554"}],"wp:term":[{"taxonomy":"category","embeddable":true,"href":"https:\/\/diariodominicano.com\/index.php?rest_route=%2Fwp%2Fv2%2Fcategories&post=162554"},{"taxonomy":"post_tag","embeddable":true,"href":"https:\/\/diariodominicano.com\/index.php?rest_route=%2Fwp%2Fv2%2Ftags&post=162554"}],"curies":[{"name":"wp","href":"https:\/\/api.w.org\/{rel}","templated":true}]}}