{"id":162553,"date":"2014-07-30T12:41:42","date_gmt":"2014-07-30T12:41:42","guid":{"rendered":"http:\/\/diariodominicano.ddns.net\/?p=162553"},"modified":"2014-07-30T12:41:42","modified_gmt":"2014-07-30T12:41:42","slug":"rafael-calderon-asegura-vientos-del-pld-soplan-a-favor-de-reinaldo-pared-perez","status":"publish","type":"post","link":"https:\/\/diariodominicano.com\/?p=162553","title":{"rendered":"Rafael Calder\u00f3n asegura vientos del PLD soplan a favor de Reinaldo Pared P\u00e9rez"},"content":{"rendered":"<p><body><\/p>\n<p><img decoding=\"async\" src=\"img3\/calde 30.jpg\" \/>  <\/p>\n<p>Santo Domingo, RD 30 julio.- El senador por el Partido de la Liberaci\u00f3n Dominicana (PLD), Rafael Calder\u00f3n, asegur\u00f3 que el presidente del Senado, Reinaldo Pared P\u00e9rez ser\u00e1 el pr\u00f3ximo candidato presidencial de esa organizaci\u00f3n pol\u00edtica.<\/p>\n<\/p>\n<p>El representante de la provincia de Azua manifest\u00f3 que aunque el PLD cuenta con varios candidatos con m\u00e9ritos y condiciones para ocupar la presidencia ser\u00e1 Reinaldo quien obtendr\u00e1 la candidatura y posteriormente la presidencia del pa\u00eds en el 2016.<\/p>\n<\/p>\n<p>El legislador aclar\u00f3 que el presidente del PLD, Dr. Leonel Fern\u00e1ndez a\u00fan no se ha declarado oficialmente como candidato y el presidente de la Republica Danilo Medina no puede aspirar porque la constituci\u00f3n actual se lo proh\u00edbe.<\/p>\n<\/p>\n<p>Al ser entrevistado por el periodista Salvador Holgu\u00edn en el programa \u00abSin Cortapisa \u00abque se transmite por Teleradio Am\u00e9rica, canal 45, el senador por Azua indic\u00f3 que aunque ni Leonel ni Danilo han manifestado abiertamente su apoyo a la candidatura de Reinaldo como dirigentes principales, una vez Reinaldo demuestre que cuenta con la mayor\u00eda de la aceptaci\u00f3n dentro y fuera del PLD ser\u00e1 apoyado por ambos.<\/p>\n<p><strong> <\/strong><\/p>\n<p><strong>Sobre Danilo Medina y el endeudamiento p\u00fablico <\/strong><\/p>\n<\/p>\n<p>Calder\u00f3n manifest\u00f3 que el presidente Danilo Medina ha sido prudente en el endeudamiento y en el manejo de la econom\u00eda.<\/p>\n<\/p>\n<p> \u00a8\u00b4Lo que ha hecho Danilo como presidente de la Republica no se hab\u00eda hecho nunca en la historia nacional  un d\u00e9ficit del orden del 8%  del PIB bajarlo a un 2.6% en un solo a\u00f1o es una haza\u00f1a extraordinaria\u00a8 revel\u00f3 el senador.<\/p>\n<\/p>\n<p>El legislador expres\u00f3 que el presidente  ha reducido el d\u00e9ficit fiscal y su intenci\u00f3n es dejarlo en un 1.5 %.<\/p>\n<\/p>\n<p>Afirm\u00f3 que las autoridades del equipo econ\u00f3mico del gobierno est\u00e1n manejando con prudencia la pol\u00edtica de endeudamiento en el sentido de que no hay un incremento por encima  del porcentaje del producto interno bruto (PIB) que no pueda ser asumido con responsabilidad como hasta ahora ocurre ya que el gobierno est\u00e1 pagando puntualmente su deuda.<\/p>\n<p>Justificaci\u00f3n de los pr\u00e9stamos <\/p>\n<\/p>\n<p>El senador  dijo que no busca justificar los pr\u00e9stamos del gobierno pero que ha tenido que dar una explicaci\u00f3n porque hay falta de informaci\u00f3n.<\/p>\n<\/p>\n<p>Asegur\u00f3 que el gobierno solo puede tomar los pr\u00e9stamos que ya han sido aprobados previamente en el presupuesto nacional por lo que el endeudamiento p\u00fablico no es desmesurado sino que est\u00e1 completamente controlado y planificado.<\/p>\n<\/p>\n<p>El programa \u00abSin Cortapisa\u00bb, se transmite de lunes a viernes de 8 a 9 am por Teleradio Am\u00e9rica canal 45 y 12 de Telecable, para todos los Estados Unidos, Centroam\u00e9rica y Europa por Supercanal Caribe y en la web www.sincortapisa.com, <\/p>\n<h6> 2014-07-30 12:41:42 <\/h6>\n<p><!--\n<link rel=\"stylesheet\" href=\"css\/bootstrap.min.css\">\n\n\n<ul class=\"pagination\">\n\t    \n\t\n\n<li >\n\t<a href='?page_no=14947'>Previous<\/a>\n\t<\/li>\n\n\n       \n    \n\n<li><a href='?page_no=1'>1<\/a><\/li>\n\n\n\n<li><a href='?page_no=2'>2<\/a><\/li>\n\n\n\n<li><a>...<\/a><\/li>\n\n\n\n<li><a href='?page_no=14946'>14946<\/a><\/li>\n\n\n\n<li><a href='?page_no=14947'>14947<\/a><\/li>\n\n\n\n<li class='active'><a>14948<\/a><\/li>\n\n\n\n<li><a href='?page_no=14949'>14949<\/a><\/li>\n\n\n\n<li><a href='?page_no=14950'>14950<\/a><\/li>\n\n\n\n<li><a>...<\/a><\/li>\n\n\n\n<li><a href='?page_no=36999'>36999<\/a><\/li>\n\n\n\n<li><a href='?page_no=37000'>37000<\/a><\/li>\n\n    \n\t\n\n<li >\n\t<a href='?page_no=14949'>Next<\/a>\n\t<\/li>\n\n\n    \n\n<li><a href='?page_no=37000'>Last &rsaquo;&rsaquo;<\/a><\/li>\n\n<\/ul>\n\n\n--><br \/>\n<\/body><\/p>\n","protected":false},"excerpt":{"rendered":"<p>Santo Domingo, RD 30 julio.- El senador por el Partido de la Liberaci\u00f3n Dominicana (PLD), Rafael Calder\u00f3n, asegur\u00f3 que el presidente del Senado, Reinaldo Pared P\u00e9rez ser\u00e1 el pr\u00f3ximo candidato presidencial de esa organizaci\u00f3n pol\u00edtica. El representante de la provincia de Azua manifest\u00f3 que aunque el PLD cuenta con varios candidatos con m\u00e9ritos y condiciones [&hellip;]<\/p>\n","protected":false},"author":3,"featured_media":0,"comment_status":"open","ping_status":"open","sticky":false,"template":"","format":"standard","meta":{"footnotes":""},"categories":[22],"tags":[],"class_list":["post-162553","post","type-post","status-publish","format-standard","hentry","category-politica"],"_links":{"self":[{"href":"https:\/\/diariodominicano.com\/index.php?rest_route=\/wp\/v2\/posts\/162553","targetHints":{"allow":["GET"]}}],"collection":[{"href":"https:\/\/diariodominicano.com\/index.php?rest_route=\/wp\/v2\/posts"}],"about":[{"href":"https:\/\/diariodominicano.com\/index.php?rest_route=\/wp\/v2\/types\/post"}],"author":[{"embeddable":true,"href":"https:\/\/diariodominicano.com\/index.php?rest_route=\/wp\/v2\/users\/3"}],"replies":[{"embeddable":true,"href":"https:\/\/diariodominicano.com\/index.php?rest_route=%2Fwp%2Fv2%2Fcomments&post=162553"}],"version-history":[{"count":0,"href":"https:\/\/diariodominicano.com\/index.php?rest_route=\/wp\/v2\/posts\/162553\/revisions"}],"wp:attachment":[{"href":"https:\/\/diariodominicano.com\/index.php?rest_route=%2Fwp%2Fv2%2Fmedia&parent=162553"}],"wp:term":[{"taxonomy":"category","embeddable":true,"href":"https:\/\/diariodominicano.com\/index.php?rest_route=%2Fwp%2Fv2%2Fcategories&post=162553"},{"taxonomy":"post_tag","embeddable":true,"href":"https:\/\/diariodominicano.com\/index.php?rest_route=%2Fwp%2Fv2%2Ftags&post=162553"}],"curies":[{"name":"wp","href":"https:\/\/api.w.org\/{rel}","templated":true}]}}