{"id":162552,"date":"2014-07-30T14:29:10","date_gmt":"2014-07-30T14:29:10","guid":{"rendered":"http:\/\/diariodominicano.ddns.net\/?p=162552"},"modified":"2014-07-30T14:29:10","modified_gmt":"2014-07-30T14:29:10","slug":"inauguran-local-municipal-del-pld-en-villa-alatgarcia-lo-rehabilito-senador-tommy-galan","status":"publish","type":"post","link":"https:\/\/diariodominicano.com\/?p=162552","title":{"rendered":"Inauguran local municipal del PLD en Villa Alatgarcia; lo rehabilit\u00f3 senador Tommy Gal\u00e1n"},"content":{"rendered":"<p><body><\/p>\n<p><img decoding=\"async\" src=\"img3\/nuevo 30.jpg\" \/><br \/><img decoding=\"async\" src=\"img3\/corta 30.jpg\" \/>  <\/p>\n<p>Villa Altagracia, RD 30 julio.- Con la asistencia de Reinaldo Pared P\u00e9rez, secretario general del Partido de la Liberaci\u00f3n Dominicana (PLD), fue reinaugurado el local municipal \u00abVicente Jim\u00e9nez\u00bb de esta organizaci\u00f3n en Villa Altagracia.<\/p>\n<\/p>\n<p>La instalaci\u00f3n, ubicada en la antigua avenida Duarte, fue rehabilitada totalmente por el senador Tommy Gal\u00e1n, presidente provincial del gobernante PLD.<\/p>\n<\/p>\n<p>Gal\u00e1n dijo que con la entrega del remozado local, \u00ablos pelede\u00edstas tienen desde ahora un local en donde podr\u00e1n celebrar sus actividades\u00bb.<\/p>\n<\/p>\n<p>\u00abEsta es la casa del pueblo\u00bb, proclam\u00f3 Gal\u00e1n.<\/p>\n<\/p>\n<p>Se\u00f1al\u00f3 adem\u00e1s que los \u00abpartidos reflejan lo que van a hacer en sus gobiernos\u00bb.<\/p>\n<\/p>\n<p>\u00b4Mientras que F\u00e9lix Agust\u00edn de Jes\u00fas, presidente municipal PLD, agradeci\u00f3 al senador Gal\u00e1n por haber dispuesto la reparaci\u00f3n del local.<\/p>\n<\/p>\n<p>\u00abGracias al senador tenemos un local para todas las actividades de nuestro PLD\u00bb, proclam\u00f3.<\/p>\n<\/p>\n<p>En tanto que Jos\u00e9 Miguel M\u00e9ndez (Luis Pavolo), se\u00f1al\u00f3 que por su voluntad de trabajo, \u00abgracias a Tommy Gal\u00e1n hoy Villa Altagracia tiene un local apto en donde realizar sus actividades.\u00bb<\/p>\n<\/p>\n<p>La invocaci\u00f3n para dejar en funcionamiento el local fue hecha por el reverendo Samuel Casilla.<\/p>\n<\/p>\n<p>El corte de la cinta fue realizada por el secretario general del PLD, Pared Perez.<\/p>\n<\/p>\n<p>Estuvieron los diputados Manuel D\u00edaz y Tulio Jim\u00e9nez, as\u00ed como delegaciones de los partidos Revolucionario Dominicano PRD y Reformista Social Cristiano<\/p>\n<h6> 2014-07-30 14:29:10 <\/h6>\n<p><!--\n<link rel=\"stylesheet\" href=\"css\/bootstrap.min.css\">\n\n\n<ul class=\"pagination\">\n\t    \n\t\n\n<li >\n\t<a href='?page_no=14946'>Previous<\/a>\n\t<\/li>\n\n\n       \n    \n\n<li><a href='?page_no=1'>1<\/a><\/li>\n\n\n\n<li><a href='?page_no=2'>2<\/a><\/li>\n\n\n\n<li><a>...<\/a><\/li>\n\n\n\n<li><a href='?page_no=14945'>14945<\/a><\/li>\n\n\n\n<li><a href='?page_no=14946'>14946<\/a><\/li>\n\n\n\n<li class='active'><a>14947<\/a><\/li>\n\n\n\n<li><a href='?page_no=14948'>14948<\/a><\/li>\n\n\n\n<li><a href='?page_no=14949'>14949<\/a><\/li>\n\n\n\n<li><a>...<\/a><\/li>\n\n\n\n<li><a href='?page_no=36999'>36999<\/a><\/li>\n\n\n\n<li><a href='?page_no=37000'>37000<\/a><\/li>\n\n    \n\t\n\n<li >\n\t<a href='?page_no=14948'>Next<\/a>\n\t<\/li>\n\n\n    \n\n<li><a href='?page_no=37000'>Last &rsaquo;&rsaquo;<\/a><\/li>\n\n<\/ul>\n\n\n--><br \/>\n<\/body><\/p>\n","protected":false},"excerpt":{"rendered":"<p>Villa Altagracia, RD 30 julio.- Con la asistencia de Reinaldo Pared P\u00e9rez, secretario general del Partido de la Liberaci\u00f3n Dominicana (PLD), fue reinaugurado el local municipal \u00abVicente Jim\u00e9nez\u00bb de esta organizaci\u00f3n en Villa Altagracia. La instalaci\u00f3n, ubicada en la antigua avenida Duarte, fue rehabilitada totalmente por el senador Tommy Gal\u00e1n, presidente provincial del gobernante PLD. [&hellip;]<\/p>\n","protected":false},"author":3,"featured_media":0,"comment_status":"open","ping_status":"open","sticky":false,"template":"","format":"standard","meta":{"footnotes":""},"categories":[22],"tags":[],"class_list":["post-162552","post","type-post","status-publish","format-standard","hentry","category-politica"],"_links":{"self":[{"href":"https:\/\/diariodominicano.com\/index.php?rest_route=\/wp\/v2\/posts\/162552","targetHints":{"allow":["GET"]}}],"collection":[{"href":"https:\/\/diariodominicano.com\/index.php?rest_route=\/wp\/v2\/posts"}],"about":[{"href":"https:\/\/diariodominicano.com\/index.php?rest_route=\/wp\/v2\/types\/post"}],"author":[{"embeddable":true,"href":"https:\/\/diariodominicano.com\/index.php?rest_route=\/wp\/v2\/users\/3"}],"replies":[{"embeddable":true,"href":"https:\/\/diariodominicano.com\/index.php?rest_route=%2Fwp%2Fv2%2Fcomments&post=162552"}],"version-history":[{"count":0,"href":"https:\/\/diariodominicano.com\/index.php?rest_route=\/wp\/v2\/posts\/162552\/revisions"}],"wp:attachment":[{"href":"https:\/\/diariodominicano.com\/index.php?rest_route=%2Fwp%2Fv2%2Fmedia&parent=162552"}],"wp:term":[{"taxonomy":"category","embeddable":true,"href":"https:\/\/diariodominicano.com\/index.php?rest_route=%2Fwp%2Fv2%2Fcategories&post=162552"},{"taxonomy":"post_tag","embeddable":true,"href":"https:\/\/diariodominicano.com\/index.php?rest_route=%2Fwp%2Fv2%2Ftags&post=162552"}],"curies":[{"name":"wp","href":"https:\/\/api.w.org\/{rel}","templated":true}]}}