{"id":162551,"date":"2014-07-30T18:29:56","date_gmt":"2014-07-30T18:29:56","guid":{"rendered":"http:\/\/diariodominicano.ddns.net\/?p=162551"},"modified":"2014-07-30T18:29:56","modified_gmt":"2014-07-30T18:29:56","slug":"primera-dama-rd-sostiene-encuentro-con-mujeres-del-pld","status":"publish","type":"post","link":"https:\/\/diariodominicano.com\/?p=162551","title":{"rendered":"&#13;&#13;Primera Dama RD sostiene encuentro con mujeres del PLD&#13;"},"content":{"rendered":"<p><body><\/p>\n<p><img decoding=\"async\" src=\"img3\/fotopdescalera.jpg\" \/><br \/><img decoding=\"async\" src=\"img3\/saludos2.jpg\" \/><br \/><img decoding=\"async\" src=\"img3\/saludospd.jpg\" \/>  <\/p>\n<\/p>\n<\/p>\n<p>Santo Domingo, RD, 30 de julio .-La Primera Dama de la Rep\u00fablica, C\u00e1ndida Montilla de Medina, sostuvo  un encuentro con mujeres del Partido de la Liberaci\u00f3n Dominicana (PLD), a quienes recibi\u00f3 con calidez y entusiasmo en la sede de su Despacho.<\/p>\n<\/p>\n<p>Montilla de Medina expres\u00f3 a las dirigentes y militantes pelede\u00edstas que desde hac\u00eda tiempo deseaba compartir con ellas e intercambiar ideas sobre lo que ha significado este tiempo para el pa\u00eds.<\/p>\n<\/p>\n<p>\u00abDurante estos dos a\u00f1os al frente del Despacho de la Primera Dama he podido darme cuenta, y as\u00ed lo he asumido, el enorme compromiso que significa en un pa\u00eds como el nuestro ser la esposa del presidente\u00bb, expuso Montilla de Medina.<\/p>\n<\/p>\n<p>Manifest\u00f3 que las presentes son \u00abmujeres extraordinarias, mujeres con historia, con una sorprendente vocaci\u00f3n de entrega, que, rest\u00e1ndole tiempo a la familia, han asumido el pa\u00eds como \u00abun honroso y gran amoroso deber\u00bb.<\/p>\n<\/p>\n<p>La Primera Dama dijo que las acciones del presidente Danilo Medina le plantean exigencias, no s\u00f3lo como esposa del mandatario, sino como ciudadana, de ser parte del proyecto pol\u00edtico de naci\u00f3n que desarrolla a favor de la poblaci\u00f3n, en general.<\/p>\n<\/p>\n<p>\u00abDesde el Despacho arrimamos el hombro a ese proyecto pol\u00edtico con una serie de programas, cada vez mayores, en beneficio de los sectores m\u00e1s vulnerables y, desde luego, de la mujer y la ni\u00f1ez dominicanas\u00bb.<\/p>\n<\/p>\n<p>La Primera Dama de la Rep\u00fablica reflexion\u00f3 sobre el compromiso de servir a los dem\u00e1s y el legado dejado por el profesor Juan Bosch (1909-2001) al convertirlo en lema del Partido de la Liberaci\u00f3n Dominicana: \u00abel que no vive para servir, no sirve para vivir\u00bb.<\/p>\n<p>Dijo Montilla de Medina que todos los d\u00edas al levantarse, despu\u00e9s de dar gracias a Dios, repite esa frase y se propone no traicionarla.<\/p>\n<\/p>\n<p>Consider\u00f3 que es tiempo de encontrarse con las mujeres del PLD y manifestarles la admiraci\u00f3n que siente y hacerles el reconocimiento de que gracias a ellas el gobierno, el pa\u00eds, es todos los d\u00edas un poco mejor.<\/p>\n<\/p>\n<p>\u00abEs un momento de infinito gozo para m\u00ed. Todas ustedes son extraordinarias. Mujeres con historia. Mujeres con una sorprendente vocaci\u00f3n de entrega.<\/p>\n<\/p>\n<p>La Primera Dama de la Rep\u00fablica defini\u00f3 al presidente Danilo Medina como \u00abun hombre que siempre tiene tiempo para crear planes y proyectos para que el pueblo dominicano logre niveles de bienestar cada vez m\u00e1s altos\u00bb, con lo que ella tambi\u00e9n se siente comprometida.<\/p>\n<\/p>\n<p>De su lado, Gladys Guti\u00e9rrez, s\u00edmbolo de la mujer luchadora y peledeista, esboz\u00f3 recuerdos y vivencias sobre la participaci\u00f3n de las mujeres en las actividades del Partido de la Liberaci\u00f3n Dominicana (PLD).<\/p>\n<\/p>\n<p>Refiri\u00e9ndose a la Primera Dama de la Rep\u00fablica, Guti\u00e9rrez dijo: \u00abDoy las gracias a esta gran mujer, por haber acompa\u00f1ado a ese gran l\u00edder Danilo (Medina) y darle todo el apoyo que ella le ha dado siempre, porque es una mujer trabajadora\u00bb.<\/p>\n<h6> 2014-07-30 18:29:56 <\/h6>\n<p><!--\n<link rel=\"stylesheet\" href=\"css\/bootstrap.min.css\">\n\n\n<ul class=\"pagination\">\n\t    \n\t\n\n<li >\n\t<a href='?page_no=14945'>Previous<\/a>\n\t<\/li>\n\n\n       \n    \n\n<li><a href='?page_no=1'>1<\/a><\/li>\n\n\n\n<li><a href='?page_no=2'>2<\/a><\/li>\n\n\n\n<li><a>...<\/a><\/li>\n\n\n\n<li><a href='?page_no=14944'>14944<\/a><\/li>\n\n\n\n<li><a href='?page_no=14945'>14945<\/a><\/li>\n\n\n\n<li class='active'><a>14946<\/a><\/li>\n\n\n\n<li><a href='?page_no=14947'>14947<\/a><\/li>\n\n\n\n<li><a href='?page_no=14948'>14948<\/a><\/li>\n\n\n\n<li><a>...<\/a><\/li>\n\n\n\n<li><a href='?page_no=36999'>36999<\/a><\/li>\n\n\n\n<li><a href='?page_no=37000'>37000<\/a><\/li>\n\n    \n\t\n\n<li >\n\t<a href='?page_no=14947'>Next<\/a>\n\t<\/li>\n\n\n    \n\n<li><a href='?page_no=37000'>Last &rsaquo;&rsaquo;<\/a><\/li>\n\n<\/ul>\n\n\n--><br \/>\n<\/body><\/p>\n","protected":false},"excerpt":{"rendered":"<p>Santo Domingo, RD, 30 de julio .-La Primera Dama de la Rep\u00fablica, C\u00e1ndida Montilla de Medina, sostuvo un encuentro con mujeres del Partido de la Liberaci\u00f3n Dominicana (PLD), a quienes recibi\u00f3 con calidez y entusiasmo en la sede de su Despacho. Montilla de Medina expres\u00f3 a las dirigentes y militantes pelede\u00edstas que desde hac\u00eda tiempo [&hellip;]<\/p>\n","protected":false},"author":3,"featured_media":0,"comment_status":"open","ping_status":"open","sticky":false,"template":"","format":"standard","meta":{"footnotes":""},"categories":[22],"tags":[],"class_list":["post-162551","post","type-post","status-publish","format-standard","hentry","category-politica"],"_links":{"self":[{"href":"https:\/\/diariodominicano.com\/index.php?rest_route=\/wp\/v2\/posts\/162551","targetHints":{"allow":["GET"]}}],"collection":[{"href":"https:\/\/diariodominicano.com\/index.php?rest_route=\/wp\/v2\/posts"}],"about":[{"href":"https:\/\/diariodominicano.com\/index.php?rest_route=\/wp\/v2\/types\/post"}],"author":[{"embeddable":true,"href":"https:\/\/diariodominicano.com\/index.php?rest_route=\/wp\/v2\/users\/3"}],"replies":[{"embeddable":true,"href":"https:\/\/diariodominicano.com\/index.php?rest_route=%2Fwp%2Fv2%2Fcomments&post=162551"}],"version-history":[{"count":0,"href":"https:\/\/diariodominicano.com\/index.php?rest_route=\/wp\/v2\/posts\/162551\/revisions"}],"wp:attachment":[{"href":"https:\/\/diariodominicano.com\/index.php?rest_route=%2Fwp%2Fv2%2Fmedia&parent=162551"}],"wp:term":[{"taxonomy":"category","embeddable":true,"href":"https:\/\/diariodominicano.com\/index.php?rest_route=%2Fwp%2Fv2%2Fcategories&post=162551"},{"taxonomy":"post_tag","embeddable":true,"href":"https:\/\/diariodominicano.com\/index.php?rest_route=%2Fwp%2Fv2%2Ftags&post=162551"}],"curies":[{"name":"wp","href":"https:\/\/api.w.org\/{rel}","templated":true}]}}