{"id":162550,"date":"2014-07-30T18:49:22","date_gmt":"2014-07-30T18:49:22","guid":{"rendered":"http:\/\/diariodominicano.ddns.net\/?p=162550"},"modified":"2014-07-30T18:49:22","modified_gmt":"2014-07-30T18:49:22","slug":"pld-escogera-bufetes-en-el-congreso-por-meritos-y-capacidad-de-trabajo-de-las-o-los-legisladores","status":"publish","type":"post","link":"https:\/\/diariodominicano.com\/?p=162550","title":{"rendered":"&#13;&#13;&#13;&#13;&#13;PLD escoger\u00e1 bufetes en el congreso por meritos y capacidad de trabajo de las o los legisladores&#13;"},"content":{"rendered":"<p><body><\/p>\n<p><img decoding=\"async\" src=\"img3\/senadora.jpg\" \/>  <\/p>\n<\/p>\n<\/p>\n<p>Santo Domingo, RD, 30.- La senadora del Partido de la Liberaci\u00f3n Dominicana (PLD)  por la provincia Dajab\u00f3n dijo que los bufetes directivos de la C\u00e1mara de Diputados y el Senado de la Rep\u00fablica se van a escoger sin tomar en cuenta corriente de simpat\u00edas  a lo interno de la organizaci\u00f3n.<\/p>\n<\/p>\n<p>Sonia Mateo asegur\u00f3 que el Comit\u00e9 Pol\u00edtico seleccionar\u00e1 a los directivos tomando en cuenta su trabajo en el Congreso Nacional en beneficio del pa\u00eds y en obediencia a las directrices trazadas por el Partido de la Liberaci\u00f3n Dominicana.<\/p>\n<\/p>\n<p>\u00abNo es verdad que en el Congreso Nacional se van a repartir los bufetes directivos entre el Presidente del PLD, Leonel Fern\u00e1ndez y el presidente de la Rep\u00fablica, Danilo Medina\u00bb, destac\u00f3 Mateo entrevistada por Persio Maldonado y Ram\u00f3n Puello B\u00e1ez, rese\u00f1ada por Comunicaciones del PLD.<\/p>\n<\/p>\n<p>La Senadora afirm\u00f3 que es el Comit\u00e9 Pol\u00edtico quien sugiere los bufetes directivos y que en ese sentido, respetar\u00e1n la decisi\u00f3n de ese alto organismo de direcci\u00f3n.<\/p>\n<\/p>\n<p>Sin embargo, se\u00f1al\u00f3 que el Comit\u00e9 Pol\u00edtico debe tomar en cuenta a quienes gocen de mayor respaldo entre los congresista para presidir la C\u00e1mara de Diputados y el Senado.<\/p>\n<\/p>\n<p>Record\u00f3 que ella fue del grupo de congresistas  quienes respaldaron a Reinaldo Pared P\u00e9rez  para presidir el Senado de la Rep\u00fablica y no se arrepiente de ello,  puesto que hizo una gesti\u00f3n ejemplar.<\/p>\n<\/p>\n<p>\u00abHay que hablar de un antes y un despu\u00e9s de Reinaldo en el Senado, es palpable como ha mejorado el Senado bajo la presidencia de este compa\u00f1ero y cualquiera que venga debe seguir sus pasos\u00bb, enfatiz\u00f3.<\/p>\n<h6> 2014-07-30 18:49:22 <\/h6>\n<p><!--\n<link rel=\"stylesheet\" href=\"css\/bootstrap.min.css\">\n\n\n<ul class=\"pagination\">\n\t    \n\t\n\n<li >\n\t<a href='?page_no=14944'>Previous<\/a>\n\t<\/li>\n\n\n       \n    \n\n<li><a href='?page_no=1'>1<\/a><\/li>\n\n\n\n<li><a href='?page_no=2'>2<\/a><\/li>\n\n\n\n<li><a>...<\/a><\/li>\n\n\n\n<li><a href='?page_no=14943'>14943<\/a><\/li>\n\n\n\n<li><a href='?page_no=14944'>14944<\/a><\/li>\n\n\n\n<li class='active'><a>14945<\/a><\/li>\n\n\n\n<li><a href='?page_no=14946'>14946<\/a><\/li>\n\n\n\n<li><a href='?page_no=14947'>14947<\/a><\/li>\n\n\n\n<li><a>...<\/a><\/li>\n\n\n\n<li><a href='?page_no=36999'>36999<\/a><\/li>\n\n\n\n<li><a href='?page_no=37000'>37000<\/a><\/li>\n\n    \n\t\n\n<li >\n\t<a href='?page_no=14946'>Next<\/a>\n\t<\/li>\n\n\n    \n\n<li><a href='?page_no=37000'>Last &rsaquo;&rsaquo;<\/a><\/li>\n\n<\/ul>\n\n\n--><br \/>\n<\/body><\/p>\n","protected":false},"excerpt":{"rendered":"<p>Santo Domingo, RD, 30.- La senadora del Partido de la Liberaci\u00f3n Dominicana (PLD) por la provincia Dajab\u00f3n dijo que los bufetes directivos de la C\u00e1mara de Diputados y el Senado de la Rep\u00fablica se van a escoger sin tomar en cuenta corriente de simpat\u00edas a lo interno de la organizaci\u00f3n. Sonia Mateo asegur\u00f3 que el [&hellip;]<\/p>\n","protected":false},"author":3,"featured_media":0,"comment_status":"open","ping_status":"open","sticky":false,"template":"","format":"standard","meta":{"footnotes":""},"categories":[22],"tags":[],"class_list":["post-162550","post","type-post","status-publish","format-standard","hentry","category-politica"],"_links":{"self":[{"href":"https:\/\/diariodominicano.com\/index.php?rest_route=\/wp\/v2\/posts\/162550","targetHints":{"allow":["GET"]}}],"collection":[{"href":"https:\/\/diariodominicano.com\/index.php?rest_route=\/wp\/v2\/posts"}],"about":[{"href":"https:\/\/diariodominicano.com\/index.php?rest_route=\/wp\/v2\/types\/post"}],"author":[{"embeddable":true,"href":"https:\/\/diariodominicano.com\/index.php?rest_route=\/wp\/v2\/users\/3"}],"replies":[{"embeddable":true,"href":"https:\/\/diariodominicano.com\/index.php?rest_route=%2Fwp%2Fv2%2Fcomments&post=162550"}],"version-history":[{"count":0,"href":"https:\/\/diariodominicano.com\/index.php?rest_route=\/wp\/v2\/posts\/162550\/revisions"}],"wp:attachment":[{"href":"https:\/\/diariodominicano.com\/index.php?rest_route=%2Fwp%2Fv2%2Fmedia&parent=162550"}],"wp:term":[{"taxonomy":"category","embeddable":true,"href":"https:\/\/diariodominicano.com\/index.php?rest_route=%2Fwp%2Fv2%2Fcategories&post=162550"},{"taxonomy":"post_tag","embeddable":true,"href":"https:\/\/diariodominicano.com\/index.php?rest_route=%2Fwp%2Fv2%2Ftags&post=162550"}],"curies":[{"name":"wp","href":"https:\/\/api.w.org\/{rel}","templated":true}]}}