{"id":162547,"date":"2014-07-31T18:31:30","date_gmt":"2014-07-31T18:31:30","guid":{"rendered":"http:\/\/diariodominicano.ddns.net\/?p=162547"},"modified":"2014-07-31T18:31:30","modified_gmt":"2014-07-31T18:31:30","slug":"senador-jose-rafael-vargas-dice-comite-politico-del-pld-decidira-quien-va-dirigir-el-congreso","status":"publish","type":"post","link":"https:\/\/diariodominicano.com\/?p=162547","title":{"rendered":"Senador Jos\u00e9 Rafael Vargas dice Comit\u00e9 Pol\u00edtico del PLD decidir\u00e1 qui\u00e9n va dirigir el Congreso"},"content":{"rendered":"<p><body><\/p>\n<p><img decoding=\"async\" src=\"img3\/vargas.jpg\" \/>  <\/p>\n<p><span class=\"text1noticias\">Santo Domingo, R. D., 31 de julio.- Jos\u00e9 Rafael Vargas, miembro del Comit\u00e9 Central del Partido de la Liberaci\u00f3n Dominicana, (PLD) y senador por la provincia Espaillat dijo que por m\u00e1s especulaciones que se hagan sobre quienes van a dirigir el Senado y la C\u00e1mara de Diputados, es el Comit\u00e9 Pol\u00edtico del partido que tiene la prerrogativa de decidir.<\/span><\/p>\n<p><span class=\"text1noticias\"> <\/span><\/p>\n<p><span class=\"text1noticias\">Entiende que cualquier vaticinio que se haga es aventurarse, porque el \u00f3rgano pol\u00edtico del PLD tiene la calidad estatutaria para escoger entre los dos aspirantes a presidir el Senado.<\/span><\/p>\n<p><span class=\"text1noticias\"> <\/span><\/p>\n<p><span class=\"text1noticias\">\u00abCualquiera pudiera  ser\u00bb, pero es una decisi\u00f3n del Comit\u00e9 Pol\u00edtico, no una decisi\u00f3n de los legisladores expres\u00f3 Jos\u00e9 Rafael Vargas<\/span><\/p>\n<p><span class=\"text1noticias\"> <\/span><\/p>\n<p><span class=\"text1noticias\">\u00abLo decide el Comit\u00e9 Pol\u00edtico pero, finalmente lo deciden los dos l\u00edderes del PLD, Leonel Fern\u00e1ndez y Danilo Medina\u00bb, adujo Vargas recomendando una acci\u00f3n unificadora para afrontar el tema<\/span><\/p>\n<p><span class=\"text1noticias\"> <\/span><\/p>\n<p><span class=\"text1noticias\">Al referirse al supuesto descontento  del doctor Marino Vinicio Castillo  a partir de la publicaci\u00f3n del reglamento de la Ley de naturalizaci\u00f3n, el doctor Vargas dijo: \u00abVi la comparecencia de Monchy (Jose Ram\u00f3n Fadul, Ministro de Lo Interior) y me pareci\u00f3 que no fue justo que no se est\u00e1 valorando bien la dimensi\u00f3n del aporte que desde el a\u00f1o 1996 ha hecho el doctor Marino Vinicio Castillo y la Fuerza Nacional Progresista a los triunfos del PLD\u00bb.<\/span><\/p>\n<p><span class=\"text1noticias\"> <\/span><\/p>\n<p><span class=\"text1noticias\">Dijo que es un tema que debe ser tratado con mucha delicadeza, versi\u00f3n que extiende en el entendido de que en muchos de los puntos planteados por la FNP, esta tiene raz\u00f3n, aunque quiz\u00e1s no sea un problema de fondo sino de forma \u00abY que tarde o temprano por la v\u00eda que sea habr\u00e1 que buscarle una salida\u00bb coment\u00f3.<\/span><\/p>\n<p><span class=\"text1noticias\"> <\/span><\/p>\n<p><span class=\"text1noticias\">Anunci\u00f3 que la Fuerza Nacional Progresista no se va del Bloque.  \u00abEl Bloque Progresista cada d\u00eda se est\u00e1 fortaleciendo mas. De hecho hay varios grupos que se integran y que se van anunciar pr\u00f3ximamente\u00bb, as<\/span>egur\u00f3.<\/p>\n<h6> 2014-07-31 18:31:30 <\/h6>\n<p><!--\n<link rel=\"stylesheet\" href=\"css\/bootstrap.min.css\">\n\n\n<ul class=\"pagination\">\n\t    \n\t\n\n<li >\n\t<a href='?page_no=14941'>Previous<\/a>\n\t<\/li>\n\n\n       \n    \n\n<li><a href='?page_no=1'>1<\/a><\/li>\n\n\n\n<li><a href='?page_no=2'>2<\/a><\/li>\n\n\n\n<li><a>...<\/a><\/li>\n\n\n\n<li><a href='?page_no=14940'>14940<\/a><\/li>\n\n\n\n<li><a href='?page_no=14941'>14941<\/a><\/li>\n\n\n\n<li class='active'><a>14942<\/a><\/li>\n\n\n\n<li><a href='?page_no=14943'>14943<\/a><\/li>\n\n\n\n<li><a href='?page_no=14944'>14944<\/a><\/li>\n\n\n\n<li><a>...<\/a><\/li>\n\n\n\n<li><a href='?page_no=36999'>36999<\/a><\/li>\n\n\n\n<li><a href='?page_no=37000'>37000<\/a><\/li>\n\n    \n\t\n\n<li >\n\t<a href='?page_no=14943'>Next<\/a>\n\t<\/li>\n\n\n    \n\n<li><a href='?page_no=37000'>Last &rsaquo;&rsaquo;<\/a><\/li>\n\n<\/ul>\n\n\n--><br \/>\n<\/body><\/p>\n","protected":false},"excerpt":{"rendered":"<p>Santo Domingo, R. D., 31 de julio.- Jos\u00e9 Rafael Vargas, miembro del Comit\u00e9 Central del Partido de la Liberaci\u00f3n Dominicana, (PLD) y senador por la provincia Espaillat dijo que por m\u00e1s especulaciones que se hagan sobre quienes van a dirigir el Senado y la C\u00e1mara de Diputados, es el Comit\u00e9 Pol\u00edtico del partido que tiene [&hellip;]<\/p>\n","protected":false},"author":3,"featured_media":0,"comment_status":"open","ping_status":"open","sticky":false,"template":"","format":"standard","meta":{"footnotes":""},"categories":[22],"tags":[],"class_list":["post-162547","post","type-post","status-publish","format-standard","hentry","category-politica"],"_links":{"self":[{"href":"https:\/\/diariodominicano.com\/index.php?rest_route=\/wp\/v2\/posts\/162547","targetHints":{"allow":["GET"]}}],"collection":[{"href":"https:\/\/diariodominicano.com\/index.php?rest_route=\/wp\/v2\/posts"}],"about":[{"href":"https:\/\/diariodominicano.com\/index.php?rest_route=\/wp\/v2\/types\/post"}],"author":[{"embeddable":true,"href":"https:\/\/diariodominicano.com\/index.php?rest_route=\/wp\/v2\/users\/3"}],"replies":[{"embeddable":true,"href":"https:\/\/diariodominicano.com\/index.php?rest_route=%2Fwp%2Fv2%2Fcomments&post=162547"}],"version-history":[{"count":0,"href":"https:\/\/diariodominicano.com\/index.php?rest_route=\/wp\/v2\/posts\/162547\/revisions"}],"wp:attachment":[{"href":"https:\/\/diariodominicano.com\/index.php?rest_route=%2Fwp%2Fv2%2Fmedia&parent=162547"}],"wp:term":[{"taxonomy":"category","embeddable":true,"href":"https:\/\/diariodominicano.com\/index.php?rest_route=%2Fwp%2Fv2%2Fcategories&post=162547"},{"taxonomy":"post_tag","embeddable":true,"href":"https:\/\/diariodominicano.com\/index.php?rest_route=%2Fwp%2Fv2%2Ftags&post=162547"}],"curies":[{"name":"wp","href":"https:\/\/api.w.org\/{rel}","templated":true}]}}