{"id":162546,"date":"2014-07-31T19:22:56","date_gmt":"2014-07-31T19:22:56","guid":{"rendered":"http:\/\/diariodominicano.ddns.net\/?p=162546"},"modified":"2014-07-31T19:22:56","modified_gmt":"2014-07-31T19:22:56","slug":"pld-en-encuentro-nacional-aborda-lo-relativo-a-la-conformacion-de-las-diferentes-salas-capitulares","status":"publish","type":"post","link":"https:\/\/diariodominicano.com\/?p=162546","title":{"rendered":"&#13;&#13;&#13;PLD en encuentro nacional aborda lo relativo a la conformaci\u00f3n de las diferentes salas capitulares"},"content":{"rendered":"<p><body><\/p>\n<p><img decoding=\"async\" src=\"img3\/ditren.jpg\" \/><br \/><img decoding=\"async\" src=\"img3\/domingo.jpg\" \/><br \/><img decoding=\"async\" src=\"img3\/publicoditren.jpg\" \/>  <\/p>\n<\/p>\n<\/p>\n<\/p>\n<p><span class=\"text1noticias\"> <\/span><\/p>\n<p><span class=\"text1noticias\"> <\/span><\/p>\n<p><span class=\"text1noticias\">Santo Domingo, RD, 31 de julio.- Ignacio Ditr\u00e9n, Secretario de Asuntos Municipales del Partido de la Liberaci\u00f3n Dominicana (PLD), resalt\u00f3 la importancia que la organizaci\u00f3n pol\u00edtica ha dado al tema de la municipalidad en grado tal que puso ese tema para ser discutido en su congreso ordinario, arribando a conclusiones y recomendaciones trascendentes.<\/span><\/p>\n<p><span class=\"text1noticias\"> <\/span><\/p>\n<p><span class=\"text1noticias\">Ditr\u00e9n se detuvo a explicar este aspecto en la reuni\u00f3n sostenida por Alcaldes, Regidores, Directores de Distritos Municipales y sus Vocales miembros de esa organizaci\u00f3n, convocados  para socializar las conclusiones del reci\u00e9n celebrado VIII Congreso Ordinario Comandante Norge Botello.<\/span><\/p>\n<p><span class=\"text1noticias\"> <\/span><\/p>\n<p><span class=\"text1noticias\">\u00abQue de ocho congresos realizados por Partido de la Liberaci\u00f3n Dominicana desde su fundaci\u00f3n se haya colocado el tema de la municipalidad en el reci\u00e9n celebrado,  es un gran logro de la municipalidad\u00bb dijo Ditr\u00e9n concitando el aplauso de los presentes.<\/span><\/p>\n<p><span class=\"text1noticias\"> <\/span><\/p>\n<p><span class=\"text1noticias\">En la reuni\u00f3n se distribuy\u00f3 un folleto contentivo de las resoluciones adoptadas en  el tema de los Asunto Municipales en el que se detalla la pol\u00edtica a seguir en el a\u00e9rea en el presente quinquenio.<\/span><\/p>\n<p><span class=\"text1noticias\"> <\/span><\/p>\n<p><span class=\"text1noticias\">Como punto esencial se aprob\u00f3 restablecer la Comisi\u00f3n Pol\u00edtico T\u00e9cnica del PLD que junto a la Secretar\u00eda de Asuntos Municipales, se encargar\u00e1 de asesorar y orientar a las entidades municipales en los aspectos que fueren necesarios.<\/span><\/p>\n<p><span class=\"text1noticias\"> <\/span><\/p>\n<p><span class=\"text1noticias\">En el encuentro se trazaron las l\u00edneas  de la direcci\u00f3n pol\u00edtica partidaria con miras a  la elecci\u00f3n de los bufetes directivos en las salas capitulares y la  escogencia de la Asociaci\u00f3n Dominicana de Regidores, as\u00ed como tambi\u00e9n la Federaci\u00f3n de Distritos Municipales y finalmente de la Federaci\u00f3n de Mujeres Municipalistas.<\/span><\/p>\n<p><span class=\"text1noticias\"> <\/span><\/p>\n<p><span class=\"text1noticias\">En sus palabras Ditr\u00e9n precis\u00f3 que en cada una de estas elecciones,  los pelede\u00edstas deben mantener un clima de paz y armon\u00eda como ha sido una tradici\u00f3n del Partido de la Liberaci\u00f3n Dominicana.<\/span><\/p>\n<p><span class=\"text1noticias\"> <\/span><\/p>\n<p><span class=\"text1noticias\">Al introducir el tema reiter\u00f3 la necesidad de que se mantenga un dialogo permanente entre regidores con sus alcaldes o alcaldesas, as\u00ed como los directores de Distritos y sus vocales, para evitar fricciones.<\/span><\/p>\n<p><span class=\"text1noticias\"> <\/span><\/p>\n<p><span class=\"text1noticias\">\u00abTenemos que unificar criterios entre nosotros. Debemos evitar que la falta de criterio democr\u00e1tico, la intolerancia o la ambici\u00f3n individual dominen el criterio en dirigentes pol\u00edticamente formados\u00bb declar\u00f3 Ignacio Ditr\u00e9n.<\/span><\/p>\n<p><span class=\"text1noticias\"> <\/span><\/p>\n<p><span class=\"text1noticias\">El Secretario de Asuntos Municipales en sus palabras present\u00f3 tambi\u00e9n como una conquista del sector que cada vez que se acerca la fecha,  el Comit\u00e9 Pol\u00edtico designe una comisi\u00f3n para coordinar y dirigir los asuntos relativos a la elecci\u00f3n de las salas capitulares, similar a como se hace con el Senado y la C\u00e1mara de Diputados. \u00abEsto es tambi\u00e9n un logro. Hemos progresado\u00bb concluy\u00f3 Ditr\u00e9n.<\/span><\/p>\n<h6> 2014-07-31 19:22:56 <\/h6>\n<p><!--\n<link rel=\"stylesheet\" href=\"css\/bootstrap.min.css\">\n\n\n<ul class=\"pagination\">\n\t    \n\t\n\n<li >\n\t<a href='?page_no=14940'>Previous<\/a>\n\t<\/li>\n\n\n       \n    \n\n<li><a href='?page_no=1'>1<\/a><\/li>\n\n\n\n<li><a href='?page_no=2'>2<\/a><\/li>\n\n\n\n<li><a>...<\/a><\/li>\n\n\n\n<li><a href='?page_no=14939'>14939<\/a><\/li>\n\n\n\n<li><a href='?page_no=14940'>14940<\/a><\/li>\n\n\n\n<li class='active'><a>14941<\/a><\/li>\n\n\n\n<li><a href='?page_no=14942'>14942<\/a><\/li>\n\n\n\n<li><a href='?page_no=14943'>14943<\/a><\/li>\n\n\n\n<li><a>...<\/a><\/li>\n\n\n\n<li><a href='?page_no=36999'>36999<\/a><\/li>\n\n\n\n<li><a href='?page_no=37000'>37000<\/a><\/li>\n\n    \n\t\n\n<li >\n\t<a href='?page_no=14942'>Next<\/a>\n\t<\/li>\n\n\n    \n\n<li><a href='?page_no=37000'>Last &rsaquo;&rsaquo;<\/a><\/li>\n\n<\/ul>\n\n\n--><br \/>\n<\/body><\/p>\n","protected":false},"excerpt":{"rendered":"<p>Santo Domingo, RD, 31 de julio.- Ignacio Ditr\u00e9n, Secretario de Asuntos Municipales del Partido de la Liberaci\u00f3n Dominicana (PLD), resalt\u00f3 la importancia que la organizaci\u00f3n pol\u00edtica ha dado al tema de la municipalidad en grado tal que puso ese tema para ser discutido en su congreso ordinario, arribando a conclusiones y recomendaciones trascendentes. Ditr\u00e9n se [&hellip;]<\/p>\n","protected":false},"author":3,"featured_media":0,"comment_status":"open","ping_status":"open","sticky":false,"template":"","format":"standard","meta":{"footnotes":""},"categories":[22],"tags":[],"class_list":["post-162546","post","type-post","status-publish","format-standard","hentry","category-politica"],"_links":{"self":[{"href":"https:\/\/diariodominicano.com\/index.php?rest_route=\/wp\/v2\/posts\/162546","targetHints":{"allow":["GET"]}}],"collection":[{"href":"https:\/\/diariodominicano.com\/index.php?rest_route=\/wp\/v2\/posts"}],"about":[{"href":"https:\/\/diariodominicano.com\/index.php?rest_route=\/wp\/v2\/types\/post"}],"author":[{"embeddable":true,"href":"https:\/\/diariodominicano.com\/index.php?rest_route=\/wp\/v2\/users\/3"}],"replies":[{"embeddable":true,"href":"https:\/\/diariodominicano.com\/index.php?rest_route=%2Fwp%2Fv2%2Fcomments&post=162546"}],"version-history":[{"count":0,"href":"https:\/\/diariodominicano.com\/index.php?rest_route=\/wp\/v2\/posts\/162546\/revisions"}],"wp:attachment":[{"href":"https:\/\/diariodominicano.com\/index.php?rest_route=%2Fwp%2Fv2%2Fmedia&parent=162546"}],"wp:term":[{"taxonomy":"category","embeddable":true,"href":"https:\/\/diariodominicano.com\/index.php?rest_route=%2Fwp%2Fv2%2Fcategories&post=162546"},{"taxonomy":"post_tag","embeddable":true,"href":"https:\/\/diariodominicano.com\/index.php?rest_route=%2Fwp%2Fv2%2Ftags&post=162546"}],"curies":[{"name":"wp","href":"https:\/\/api.w.org\/{rel}","templated":true}]}}