{"id":162545,"date":"2014-07-31T19:56:59","date_gmt":"2014-07-31T19:56:59","guid":{"rendered":"http:\/\/diariodominicano.ddns.net\/?p=162545"},"modified":"2014-07-31T19:56:59","modified_gmt":"2014-07-31T19:56:59","slug":"alianza-pais-expresa-congresistas-ultramar-sirven-poco-a-la-comunidad","status":"publish","type":"post","link":"https:\/\/diariodominicano.com\/?p=162545","title":{"rendered":"&#13;&#13;Alianza Pa\u00eds: Expresa congresistas ultramar sirven poco a la comunidad  &#13;"},"content":{"rendered":"<p><body><\/p>\n<p><img decoding=\"async\" src=\"img3\/alianza pais.jpg\" \/>  <\/p>\n<\/p>\n<p><span class=\"text1noticias\">Por Freddy P. Galarza<\/span><\/p>\n<\/p>\n<p><span class=\"text1noticias\">New York, EEUU, 31 de juliio.- Alianza Pa\u00eds sostuvo que la elecci\u00f3n de los actuales congresistas de ultramar ha resultado un fiasco al no ejercer su funci\u00f3n de cara al inter\u00e9s de los contribuyentes, ni conocen la comunidad y sus aspiraciones, mucho menos son conocidos.<\/span><\/p>\n<\/p>\n<p><span class=\"text1noticias\">En declaraciones de su coordinador general en el exterior Luis Mayobanex Rodr\u00edguez, expres\u00f3 que la pobre actuaci\u00f3n le da fuerza a quienes desde la Rep\u00fablica Dominicana siempre han estado opuestos a ceder cuotas de poder para el dominicano emigrado.<\/span><\/p>\n<\/p>\n<p><span class=\"text1noticias\">Dijo que son \u00abnuestros propios representantes\u00bb quienes por incapacidad y desconexi\u00f3n comunitaria fortalecen la posici\u00f3n excluyente y antidemocr\u00e1tica de sectores pol\u00edticos y sociales que pretenden seguir usando a la comunidad como simple fuente de remesas.<\/span><\/p>\n<\/p>\n<p><span class=\"text1noticias\">Insisti\u00f3 en que nada han hecho esos representantes congresionales para abaratar los elevados precios de los pasajes a\u00e9reos hacia la naci\u00f3n dominicana reforzando la irresponsabilidad e injusta pol\u00edtica fiscalista impuesta por los partidos gobernantes.<\/span><\/p>\n<\/p>\n<p><span class=\"text1noticias\">Record\u00f3 el dirigente aliancista que durante la pasada campa\u00f1a electoral del 2012, los actuales congresistas de ultramar se comprometieron al desarrollo de una agenda com\u00fan que deb\u00eda contemplar entre otros puntos, planes de viviendas, inclusi\u00f3n en el seguro nacional de salud, modificaci\u00f3n a las leyes aduanales 168 y 148.<\/span><\/p>\n<\/p>\n<p><span class=\"text1noticias\">Rodr\u00edguez, dijo que los congresistas Rub\u00e9n Luna, Jos\u00e9 Morel, del Partido Revolucionario Dominicano y Alfredo Rodr\u00edguez, del PLD, no han dado un paso al frente en la lucha por adecentar el Congreso Nacional, mucho menos, se\u00f1al\u00f3, para combatir el llamado barrilito, las botellas, nominillas y aquellos incentivos de prebendas y beneficios personales.<\/span><\/p>\n<\/p>\n<p><span class=\"text1noticias\">Signific\u00f3 que parece que estos fueron electos para distribuir pollos y pavos en las calles de Nueva York, reproduciendo el vulgar clientelismo que sus partidos han impuestos en la Rep\u00fablica Dominicana.<\/span><\/p>\n<\/p>\n<p><span class=\"text1noticias\">El coordinador de Alianza Pa\u00eds en el exterior manifest\u00f3 que si de algo sirven \u00abnuestros legisladores es para demostrar lo inservible del Congreso Nacional\u00bb y la urgencia democr\u00e1tica de cambiar el mismo y todo el sistema jur\u00eddico mediante una democr\u00e1tica y participativa asamblea constituyente donde puedan ir los mejores representantes de la ciudadan\u00eda.<\/span><\/p>\n<h6> 2014-07-31 19:56:59 <\/h6>\n<p><!--\n<link rel=\"stylesheet\" href=\"css\/bootstrap.min.css\">\n\n\n<ul class=\"pagination\">\n\t    \n\t\n\n<li >\n\t<a href='?page_no=14939'>Previous<\/a>\n\t<\/li>\n\n\n       \n    \n\n<li><a href='?page_no=1'>1<\/a><\/li>\n\n\n\n<li><a href='?page_no=2'>2<\/a><\/li>\n\n\n\n<li><a>...<\/a><\/li>\n\n\n\n<li><a href='?page_no=14938'>14938<\/a><\/li>\n\n\n\n<li><a href='?page_no=14939'>14939<\/a><\/li>\n\n\n\n<li class='active'><a>14940<\/a><\/li>\n\n\n\n<li><a href='?page_no=14941'>14941<\/a><\/li>\n\n\n\n<li><a href='?page_no=14942'>14942<\/a><\/li>\n\n\n\n<li><a>...<\/a><\/li>\n\n\n\n<li><a href='?page_no=36999'>36999<\/a><\/li>\n\n\n\n<li><a href='?page_no=37000'>37000<\/a><\/li>\n\n    \n\t\n\n<li >\n\t<a href='?page_no=14941'>Next<\/a>\n\t<\/li>\n\n\n    \n\n<li><a href='?page_no=37000'>Last &rsaquo;&rsaquo;<\/a><\/li>\n\n<\/ul>\n\n\n--><br \/>\n<\/body><\/p>\n","protected":false},"excerpt":{"rendered":"<p>Por Freddy P. Galarza New York, EEUU, 31 de juliio.- Alianza Pa\u00eds sostuvo que la elecci\u00f3n de los actuales congresistas de ultramar ha resultado un fiasco al no ejercer su funci\u00f3n de cara al inter\u00e9s de los contribuyentes, ni conocen la comunidad y sus aspiraciones, mucho menos son conocidos. En declaraciones de su coordinador general [&hellip;]<\/p>\n","protected":false},"author":3,"featured_media":0,"comment_status":"open","ping_status":"open","sticky":false,"template":"","format":"standard","meta":{"footnotes":""},"categories":[22],"tags":[],"class_list":["post-162545","post","type-post","status-publish","format-standard","hentry","category-politica"],"_links":{"self":[{"href":"https:\/\/diariodominicano.com\/index.php?rest_route=\/wp\/v2\/posts\/162545","targetHints":{"allow":["GET"]}}],"collection":[{"href":"https:\/\/diariodominicano.com\/index.php?rest_route=\/wp\/v2\/posts"}],"about":[{"href":"https:\/\/diariodominicano.com\/index.php?rest_route=\/wp\/v2\/types\/post"}],"author":[{"embeddable":true,"href":"https:\/\/diariodominicano.com\/index.php?rest_route=\/wp\/v2\/users\/3"}],"replies":[{"embeddable":true,"href":"https:\/\/diariodominicano.com\/index.php?rest_route=%2Fwp%2Fv2%2Fcomments&post=162545"}],"version-history":[{"count":0,"href":"https:\/\/diariodominicano.com\/index.php?rest_route=\/wp\/v2\/posts\/162545\/revisions"}],"wp:attachment":[{"href":"https:\/\/diariodominicano.com\/index.php?rest_route=%2Fwp%2Fv2%2Fmedia&parent=162545"}],"wp:term":[{"taxonomy":"category","embeddable":true,"href":"https:\/\/diariodominicano.com\/index.php?rest_route=%2Fwp%2Fv2%2Fcategories&post=162545"},{"taxonomy":"post_tag","embeddable":true,"href":"https:\/\/diariodominicano.com\/index.php?rest_route=%2Fwp%2Fv2%2Ftags&post=162545"}],"curies":[{"name":"wp","href":"https:\/\/api.w.org\/{rel}","templated":true}]}}