{"id":162543,"date":"2014-07-31T20:07:44","date_gmt":"2014-07-31T20:07:44","guid":{"rendered":"http:\/\/diariodominicano.ddns.net\/?p=162543"},"modified":"2014-07-31T20:07:44","modified_gmt":"2014-07-31T20:07:44","slug":"montas-dice-esta-comprometido-con-una-gestion-de-gobierno-socialmente-responsable","status":"publish","type":"post","link":"https:\/\/diariodominicano.com\/?p=162543","title":{"rendered":"&#13;Mont\u00e1s dice est\u00e1 comprometido con una gesti\u00f3n de gobierno socialmente responsable&#13;"},"content":{"rendered":"<p><body><\/p>\n<p><img decoding=\"async\" src=\"img3\/temoensameji.jpg\" \/><br \/><img decoding=\"async\" src=\"img3\/manosarriba.jpg\" \/>  <\/p>\n<\/p>\n<p><span class=\"text1noticias\">Santiago, RD, 31 de julio.-El ingeniero Tem\u00edstocles Mont\u00e1s afirm\u00f3 aqu\u00ed que busca la Presidencia de la Rep\u00fablica porque est\u00e1 comprometido a hacer una gesti\u00f3n de gobierno socialmente responsable, que provea servicio y protecci\u00f3n a todos los dominicanos y que avance hacia la igualdad en un ambiente de un ejercicio \u00e9tico de la pol\u00edtica.<\/span><\/p>\n<\/p>\n<p><span class=\"text1noticias\">Hablando ante cientos de dirigentes medios y de base del Partido de la Liberaci\u00f3n Dominicana (PLD) congregados en el Club Sameji, en el sector El Ejido, de esta ciudad, Mont\u00e1s dijo que \u00abun gobierno socialmente responsable que propicie m\u00e1s equidad social\u00bb es posible cuando los gobernantes est\u00e1n conectados con su pueblo y responden a sus intereses.<\/span><\/p>\n<\/p>\n<p><span class=\"text1noticias\">El tambi\u00e9n ministro de Econom\u00eda, Planificaci\u00f3n y Desarrollo dijo que en solo 18 meses de gobierno de Danilo Medina se ha logrado reducir la pobreza de 42 a 36 por ciento, sacando de la miseria a m\u00e1s de medio mill\u00f3n de dominicanos.<\/span><\/p>\n<\/p>\n<p><span class=\"text1noticias\">\u00abEl hecho de que se haya reducido en seis puntos porcentuales la pobreza indica que el camino que sigue el presidente Danilo Medina va en la direcci\u00f3n correcta\u00bb, se\u00f1al\u00f3 Mont\u00e1s, quien destac\u00f3 que la reducci\u00f3n m\u00e1s importante de la pobreza se ha producido principalmente en el campo, que ha sido una prioridad del actual gobierno.<\/span><\/p>\n<\/p>\n<p><span class=\"text1noticias\">No obstante ese acierto de las pol\u00edticas p\u00fablicas del gobierno de Medina, el ingeniero Mont\u00e1s consider\u00f3 que aun no es posible hablar de equidad social donde el 36% de la poblaci\u00f3n dominicana vive por debajo del nivel de la pobreza.<\/span><\/p>\n<\/p>\n<p><span class=\"text1noticias\">\u00abPor esa raz\u00f3n tenemos que seguir trabajando en el corto y mediano plazo para que la pobreza se reduzca aun m\u00e1s en la Rep\u00fablica Dominicana porque mientras haya tantos dominicanos en la pobreza, no podemos hablar de equidad social\u00bb, puntualiz\u00f3 el precandidato presidencial del PLD, seg\u00fan una nota enviada por su equipo de prensa. <\/span><\/p>\n<\/p>\n<p><span class=\"text1noticias\">El \u00abEncuentro Provincial con Temo\u00bb, transmitido a todo el pa\u00eds por el canal 29, reuni\u00f3 a dirigentes del PLD de todos los niveles en los diferentes municipios de la provincia, entre ellos Villa Gonz\u00e1lez, Tamboril, Pu\u00f1al y Bison\u00f3, con el objetivo de enfatizar el  respaldo al trabajo pol\u00edtico a los fines de garantizar que Mont\u00e1s sea el pr\u00f3ximo candidato a la presidencia por el Partido de la Liberaci\u00f3n Dominicana (PLD).<\/span><\/p>\n<\/p>\n<p><span class=\"text1noticias\">Hubo presencia de los movimientos \u00abMujeres con Temo\u00bb, \u00abTodos con Temo\u00bb, \u00abDe Coraz\u00f3n con Temo\u00bb y \u00abJuventud con Temo\u00bb, cuyo presidente, Nelson Peralta, habl\u00f3 en el encuentro para resaltar el crecimiento en Santiago de las aspiraciones presidenciales de Mont\u00e1s.<\/span><\/p>\n<\/p>\n<p><span class=\"text1noticias\">El encuentro cont\u00f3 con el respaldo, adem\u00e1s, de grupos t\u00edpicos y de otros g\u00e9neros, que interpretaron composiciones aleg\u00f3ricas a la candidatura del ingeniero Mont\u00e1s.<\/span><\/p>\n<\/p>\n<p><span class=\"text1noticias\">En otro aspecto, Mont\u00e1s expres\u00f3 que por mandato constitucional, la Rep\u00fablica Dominicana es un Estado social y democr\u00e1tico de derecho, por lo que est\u00e1 en la obligaci\u00f3n de garantizar a todos los dominicanos el derecho a la educaci\u00f3n, salud, protecci\u00f3n social, protecci\u00f3n de la ni\u00f1ez, protecci\u00f3n de las personas en avanzada edad y los discapacitados.<\/span><\/p>\n<\/p>\n<p><span class=\"text1noticias\">\u00abNosotros tenemos que levantar la bandera de la reivindicaci\u00f3n social en este pa\u00eds porque eso fue lo que nos ense\u00f1\u00f3 el profesor Juan Bosch cuando expres\u00f3 que ten\u00edamos que luchar para garantizar la justicia social\u00bb, manifest\u00f3 el l\u00edder pol\u00edtico.<\/span><\/p>\n<\/p>\n<p><span class=\"text1noticias\">Asimismo, Mont\u00e1s dijo que la democracia no se puede reducir a garantizar al ciudadano el derecho al voto y el ejercicio de las libertades, sino que \u00abdemocracia es libertad con justicia social\u00bb <\/span><\/p>\n<\/p>\n<p><span class=\"text1noticias\">\u00abAspiro a una sociedad donde haya mayor igualdad entre las mujeres y los hombres. Hay avances, pero todav\u00eda no hay igualdad\u00bb, proclam\u00f3 el dirigente pol\u00edtico levantando un prolongado aplauso de los presentes.<\/span><\/p>\n<\/p>\n<p><span class=\"text1noticias\">Mont\u00e1s prometi\u00f3 que como pr\u00f3ximo presidente de la Rep\u00fablica, \u00abtrabajaremos para crear oportunidades para que los j\u00f3venes mejoren sus capacidades y puedan ejercer sus derechos pol\u00edticos, sociales y culturales. <\/span><\/p>\n<\/p>\n<p><span class=\"text1noticias\">Record\u00f3 que gran parte de la juventud no cree en la pol\u00edtica ni los pol\u00edticos, pero ser\u00e1n quienes gobernar\u00e1n ma\u00f1ana, por lo que \u00abnecesitamos rescatar el car\u00e1cter \u00e9tico de la pol\u00edtica para que los j\u00f3venes crean en la pol\u00edtica y en los pol\u00edticos\u00bb.<\/span><\/p>\n<\/p>\n<p><span class=\"text1noticias\">Mont\u00e1s dijo que est\u00e1 comprometido en la tarea de \u00abconstruir un Estado de bienestar para que en situaciones de precariedad no caigamos en la pobreza. Eso es lo que tenemos que hacer y a eso me comprometo como pr\u00f3ximo presidente de la Rep\u00fablica Dominicana\u00bb.<\/span><\/p>\n<\/p>\n<p><span class=\"text1noticias\">Manifest\u00f3 que para lograrlo lo primero es garantizar es que las bases lo seleccionen como su candidato presidencial el pr\u00f3ximo a\u00f1o en unas primarias internas en las que a su juicio habr\u00e1 dos caminos: volver al pasado o seguir abriendo las puertas del futuro.<\/span><\/p>\n<\/p>\n<p><span class=\"text1noticias\">\u00abSi cometemos el error de permitir que el continuismo se adue\u00f1e del poder, le haremos un da\u00f1o irreversible al partido de Juan Bosch. Llam\u00f3 la atenci\u00f3n del peligro que representa el continuismo en el ejercicio del poder y conf\u00edo en la sabidur\u00eda del pueblo dominicano para no permitirlo\u00bb, apunt\u00f3 Mont\u00e1s.<\/span><\/p>\n<\/p>\n<p><span class=\"text1noticias\">Advirti\u00f3 que \u00abnadie se puede creer con el derecho de apoyarse en las fuerzas del PLD para ejercer la Presidencia de la Rep\u00fablica cada vez que le de la gana. Por eso estamos abogando porque el PLD aplique la alternabilidad en el ejercicio del poder\u00bb.<\/span><\/p>\n<\/p>\n<p><span class=\"text1noticias\">Agreg\u00f3 que el camino de la alternabilidad lo inicio ya el compa\u00f1ero Danilo Medina en las elecciones de 2012 y ha sido un gobierno bueno y un presidente exitoso y el mejor valorado de Am\u00e9rica Latina.<\/span><\/p>\n<\/p>\n<p><span class=\"text1noticias\">Pidi\u00f3 a todos los dirigentes del PLD que siguen y respetan las ideas de Juan Bosch que \u00abaprendamos del pasado para avanzar al futuro, pero no volvamos al pasado ni permitamos que nos lleven al pasado\u00bb, puntualiz\u00f3 Mont\u00e1s.<\/span><\/p>\n<h6> 2014-07-31 20:07:44 <\/h6>\n<p><!--\n<link rel=\"stylesheet\" href=\"css\/bootstrap.min.css\">\n\n\n<ul class=\"pagination\">\n\t    \n\t\n\n<li >\n\t<a href='?page_no=14938'>Previous<\/a>\n\t<\/li>\n\n\n       \n    \n\n<li><a href='?page_no=1'>1<\/a><\/li>\n\n\n\n<li><a href='?page_no=2'>2<\/a><\/li>\n\n\n\n<li><a>...<\/a><\/li>\n\n\n\n<li><a href='?page_no=14937'>14937<\/a><\/li>\n\n\n\n<li><a href='?page_no=14938'>14938<\/a><\/li>\n\n\n\n<li class='active'><a>14939<\/a><\/li>\n\n\n\n<li><a href='?page_no=14940'>14940<\/a><\/li>\n\n\n\n<li><a href='?page_no=14941'>14941<\/a><\/li>\n\n\n\n<li><a>...<\/a><\/li>\n\n\n\n<li><a href='?page_no=36999'>36999<\/a><\/li>\n\n\n\n<li><a href='?page_no=37000'>37000<\/a><\/li>\n\n    \n\t\n\n<li >\n\t<a href='?page_no=14940'>Next<\/a>\n\t<\/li>\n\n\n    \n\n<li><a href='?page_no=37000'>Last &rsaquo;&rsaquo;<\/a><\/li>\n\n<\/ul>\n\n\n--><br \/>\n<\/body><\/p>\n","protected":false},"excerpt":{"rendered":"<p>Santiago, RD, 31 de julio.-El ingeniero Tem\u00edstocles Mont\u00e1s afirm\u00f3 aqu\u00ed que busca la Presidencia de la Rep\u00fablica porque est\u00e1 comprometido a hacer una gesti\u00f3n de gobierno socialmente responsable, que provea servicio y protecci\u00f3n a todos los dominicanos y que avance hacia la igualdad en un ambiente de un ejercicio \u00e9tico de la pol\u00edtica. Hablando ante [&hellip;]<\/p>\n","protected":false},"author":3,"featured_media":0,"comment_status":"open","ping_status":"open","sticky":false,"template":"","format":"standard","meta":{"footnotes":""},"categories":[22],"tags":[],"class_list":["post-162543","post","type-post","status-publish","format-standard","hentry","category-politica"],"_links":{"self":[{"href":"https:\/\/diariodominicano.com\/index.php?rest_route=\/wp\/v2\/posts\/162543","targetHints":{"allow":["GET"]}}],"collection":[{"href":"https:\/\/diariodominicano.com\/index.php?rest_route=\/wp\/v2\/posts"}],"about":[{"href":"https:\/\/diariodominicano.com\/index.php?rest_route=\/wp\/v2\/types\/post"}],"author":[{"embeddable":true,"href":"https:\/\/diariodominicano.com\/index.php?rest_route=\/wp\/v2\/users\/3"}],"replies":[{"embeddable":true,"href":"https:\/\/diariodominicano.com\/index.php?rest_route=%2Fwp%2Fv2%2Fcomments&post=162543"}],"version-history":[{"count":0,"href":"https:\/\/diariodominicano.com\/index.php?rest_route=\/wp\/v2\/posts\/162543\/revisions"}],"wp:attachment":[{"href":"https:\/\/diariodominicano.com\/index.php?rest_route=%2Fwp%2Fv2%2Fmedia&parent=162543"}],"wp:term":[{"taxonomy":"category","embeddable":true,"href":"https:\/\/diariodominicano.com\/index.php?rest_route=%2Fwp%2Fv2%2Fcategories&post=162543"},{"taxonomy":"post_tag","embeddable":true,"href":"https:\/\/diariodominicano.com\/index.php?rest_route=%2Fwp%2Fv2%2Ftags&post=162543"}],"curies":[{"name":"wp","href":"https:\/\/api.w.org\/{rel}","templated":true}]}}