{"id":162541,"date":"2014-08-01T13:12:18","date_gmt":"2014-08-01T13:12:18","guid":{"rendered":"http:\/\/diariodominicano.ddns.net\/?p=162541"},"modified":"2014-08-01T13:12:18","modified_gmt":"2014-08-01T13:12:18","slug":"instalan-estafeta-cedulacion-ruta-a","status":"publish","type":"post","link":"https:\/\/diariodominicano.com\/?p=162541","title":{"rendered":"Instalan estafeta cedulaci\u00f3n ruta (A)"},"content":{"rendered":"<p><body><\/p>\n<p><img decoding=\"async\" src=\"img3\/cedula 1.jpg\" \/>  <\/p>\n<p>Instalan estafeta cedulaci\u00f3n ruta (A)<\/p>\n<p>Decenas de personas acuden a buscar nueva c\u00e9lula<\/p>\n<p>SAN CRIST\u00d3BAL:- Por Solicitud del Presidente de la Asociaci\u00f3n de Due\u00f1os y Choferes de minib\u00fas de la Ruta (A) Gabino Marte (Felito)la Junta Central Electoral instalo una estafeta de cedulaci\u00f3n en las instalaciones de esta l\u00ednea de transporte, ubicada en la carretera que conduce a la zona Norte , sector de Villa Fundaci\u00f3n, donde asisten cada d\u00edas decenas de personas.<\/p>\n<p>Gabito Marte (Felito), dijo que con la instalaci\u00f3n de la nueva estafeta cientos de con ductores, cobradores y familiares de los mismos podr\u00e1n obtener su nueva c\u00e9lula, ya que tienen horario diferentes, que no les permiten asistir a una larga fila.<\/p>\n<p>Adem\u00e1s, decenas de campesinos de la zona Norte, tambi\u00e9n asisten al nuevo centro de cedulaci\u00f3n, por que avanzan en esta provincia el suministro de c\u00e9dula a la ciudadan\u00eda por parte de la Junta Central Electoral.<\/p>\n<\/p>\n<h6> 2014-08-01 13:12:18 <\/h6>\n<p><!--\n<link rel=\"stylesheet\" href=\"css\/bootstrap.min.css\">\n\n\n<ul class=\"pagination\">\n\t    \n\t\n\n<li >\n\t<a href='?page_no=14936'>Previous<\/a>\n\t<\/li>\n\n\n       \n    \n\n<li><a href='?page_no=1'>1<\/a><\/li>\n\n\n\n<li><a href='?page_no=2'>2<\/a><\/li>\n\n\n\n<li><a>...<\/a><\/li>\n\n\n\n<li><a href='?page_no=14935'>14935<\/a><\/li>\n\n\n\n<li><a href='?page_no=14936'>14936<\/a><\/li>\n\n\n\n<li class='active'><a>14937<\/a><\/li>\n\n\n\n<li><a href='?page_no=14938'>14938<\/a><\/li>\n\n\n\n<li><a href='?page_no=14939'>14939<\/a><\/li>\n\n\n\n<li><a>...<\/a><\/li>\n\n\n\n<li><a href='?page_no=36999'>36999<\/a><\/li>\n\n\n\n<li><a href='?page_no=37000'>37000<\/a><\/li>\n\n    \n\t\n\n<li >\n\t<a href='?page_no=14938'>Next<\/a>\n\t<\/li>\n\n\n    \n\n<li><a href='?page_no=37000'>Last &rsaquo;&rsaquo;<\/a><\/li>\n\n<\/ul>\n\n\n--><br \/>\n<\/body><\/p>\n","protected":false},"excerpt":{"rendered":"<p>Instalan estafeta cedulaci\u00f3n ruta (A) Decenas de personas acuden a buscar nueva c\u00e9lula SAN CRIST\u00d3BAL:- Por Solicitud del Presidente de la Asociaci\u00f3n de Due\u00f1os y Choferes de minib\u00fas de la Ruta (A) Gabino Marte (Felito)la Junta Central Electoral instalo una estafeta de cedulaci\u00f3n en las instalaciones de esta l\u00ednea de transporte, ubicada en la carretera [&hellip;]<\/p>\n","protected":false},"author":3,"featured_media":0,"comment_status":"open","ping_status":"open","sticky":false,"template":"","format":"standard","meta":{"footnotes":""},"categories":[22],"tags":[],"class_list":["post-162541","post","type-post","status-publish","format-standard","hentry","category-politica"],"_links":{"self":[{"href":"https:\/\/diariodominicano.com\/index.php?rest_route=\/wp\/v2\/posts\/162541","targetHints":{"allow":["GET"]}}],"collection":[{"href":"https:\/\/diariodominicano.com\/index.php?rest_route=\/wp\/v2\/posts"}],"about":[{"href":"https:\/\/diariodominicano.com\/index.php?rest_route=\/wp\/v2\/types\/post"}],"author":[{"embeddable":true,"href":"https:\/\/diariodominicano.com\/index.php?rest_route=\/wp\/v2\/users\/3"}],"replies":[{"embeddable":true,"href":"https:\/\/diariodominicano.com\/index.php?rest_route=%2Fwp%2Fv2%2Fcomments&post=162541"}],"version-history":[{"count":0,"href":"https:\/\/diariodominicano.com\/index.php?rest_route=\/wp\/v2\/posts\/162541\/revisions"}],"wp:attachment":[{"href":"https:\/\/diariodominicano.com\/index.php?rest_route=%2Fwp%2Fv2%2Fmedia&parent=162541"}],"wp:term":[{"taxonomy":"category","embeddable":true,"href":"https:\/\/diariodominicano.com\/index.php?rest_route=%2Fwp%2Fv2%2Fcategories&post=162541"},{"taxonomy":"post_tag","embeddable":true,"href":"https:\/\/diariodominicano.com\/index.php?rest_route=%2Fwp%2Fv2%2Ftags&post=162541"}],"curies":[{"name":"wp","href":"https:\/\/api.w.org\/{rel}","templated":true}]}}