{"id":162540,"date":"2014-08-01T13:21:38","date_gmt":"2014-08-01T13:21:38","guid":{"rendered":"http:\/\/diariodominicano.ddns.net\/?p=162540"},"modified":"2014-08-01T13:21:38","modified_gmt":"2014-08-01T13:21:38","slug":"pared-perez-dice-el-pld-decidira-el-proximo-lunes-quienes-presidiran-senado-y-camara-diputados","status":"publish","type":"post","link":"https:\/\/diariodominicano.com\/?p=162540","title":{"rendered":"Pared P\u00e9rez dice el PLD decidir\u00e1 el pr\u00f3ximo lunes qui\u00e9nes presidir\u00e1n Senado y C\u00e1mara diputados"},"content":{"rendered":"<p><body><\/p>\n<p><img decoding=\"async\" src=\"img3\/rey 1.jpeg\" \/>  <\/p>\n<p>Santo Domingo RD 1 agosto.- El presidente del Senado, Reinaldo Pared P\u00e9rez, rechaz\u00f3 los impuestos a las compras por Internet, dispuesto por la Direcci\u00f3n general de Aduanas, al considerar la medida como inconstitucional. Adem\u00e1s, anunci\u00f3 que el Partido de la Liberaci\u00f3n Dominicana decidir\u00e1 el pr\u00f3ximo lunes qui\u00e9nes presidir\u00e1n el Senado y al C\u00e1mara de Diputados.<\/p>\n<\/p>\n<p>En otro orden, el portavoz del Senado dijo que Pared P\u00e9rez anunci\u00f3 que el pr\u00f3ximo lunes el Comit\u00e9 Pol\u00edtico del Partido de la Liberaci\u00f3n Dominicana definir\u00e1 qui\u00e9n presidir\u00e1 el Senado y la C\u00e1mara  de Diputados. <\/p>\n<\/p>\n<p>\u00abReinaldo Pared P\u00e9rez anuncia el pr\u00f3ximo lunes el Comit\u00e9 Pol\u00edtico del PLD definir\u00e1 qui\u00e9n presidir\u00e1 el Senado y la C\u00e1mara  de diputados\u00bb, poste\u00f3 en otro tuit.<\/p>\n<\/p>\n<p>El Presidente del Senado se expres\u00f3 en esos t\u00e9rminos previo a un acto de reconocimiento a la Universidad ISA, en Santiago.<\/p>\n<h6> 2014-08-01 13:21:38 <\/h6>\n<p><!--\n<link rel=\"stylesheet\" href=\"css\/bootstrap.min.css\">\n\n\n<ul class=\"pagination\">\n\t    \n\t\n\n<li >\n\t<a href='?page_no=14935'>Previous<\/a>\n\t<\/li>\n\n\n       \n    \n\n<li><a href='?page_no=1'>1<\/a><\/li>\n\n\n\n<li><a href='?page_no=2'>2<\/a><\/li>\n\n\n\n<li><a>...<\/a><\/li>\n\n\n\n<li><a href='?page_no=14934'>14934<\/a><\/li>\n\n\n\n<li><a href='?page_no=14935'>14935<\/a><\/li>\n\n\n\n<li class='active'><a>14936<\/a><\/li>\n\n\n\n<li><a href='?page_no=14937'>14937<\/a><\/li>\n\n\n\n<li><a href='?page_no=14938'>14938<\/a><\/li>\n\n\n\n<li><a>...<\/a><\/li>\n\n\n\n<li><a href='?page_no=36999'>36999<\/a><\/li>\n\n\n\n<li><a href='?page_no=37000'>37000<\/a><\/li>\n\n    \n\t\n\n<li >\n\t<a href='?page_no=14937'>Next<\/a>\n\t<\/li>\n\n\n    \n\n<li><a href='?page_no=37000'>Last &rsaquo;&rsaquo;<\/a><\/li>\n\n<\/ul>\n\n\n--><br \/>\n<\/body><\/p>\n","protected":false},"excerpt":{"rendered":"<p>Santo Domingo RD 1 agosto.- El presidente del Senado, Reinaldo Pared P\u00e9rez, rechaz\u00f3 los impuestos a las compras por Internet, dispuesto por la Direcci\u00f3n general de Aduanas, al considerar la medida como inconstitucional. Adem\u00e1s, anunci\u00f3 que el Partido de la Liberaci\u00f3n Dominicana decidir\u00e1 el pr\u00f3ximo lunes qui\u00e9nes presidir\u00e1n el Senado y al C\u00e1mara de Diputados. [&hellip;]<\/p>\n","protected":false},"author":3,"featured_media":0,"comment_status":"open","ping_status":"open","sticky":false,"template":"","format":"standard","meta":{"footnotes":""},"categories":[22],"tags":[],"class_list":["post-162540","post","type-post","status-publish","format-standard","hentry","category-politica"],"_links":{"self":[{"href":"https:\/\/diariodominicano.com\/index.php?rest_route=\/wp\/v2\/posts\/162540","targetHints":{"allow":["GET"]}}],"collection":[{"href":"https:\/\/diariodominicano.com\/index.php?rest_route=\/wp\/v2\/posts"}],"about":[{"href":"https:\/\/diariodominicano.com\/index.php?rest_route=\/wp\/v2\/types\/post"}],"author":[{"embeddable":true,"href":"https:\/\/diariodominicano.com\/index.php?rest_route=\/wp\/v2\/users\/3"}],"replies":[{"embeddable":true,"href":"https:\/\/diariodominicano.com\/index.php?rest_route=%2Fwp%2Fv2%2Fcomments&post=162540"}],"version-history":[{"count":0,"href":"https:\/\/diariodominicano.com\/index.php?rest_route=\/wp\/v2\/posts\/162540\/revisions"}],"wp:attachment":[{"href":"https:\/\/diariodominicano.com\/index.php?rest_route=%2Fwp%2Fv2%2Fmedia&parent=162540"}],"wp:term":[{"taxonomy":"category","embeddable":true,"href":"https:\/\/diariodominicano.com\/index.php?rest_route=%2Fwp%2Fv2%2Fcategories&post=162540"},{"taxonomy":"post_tag","embeddable":true,"href":"https:\/\/diariodominicano.com\/index.php?rest_route=%2Fwp%2Fv2%2Ftags&post=162540"}],"curies":[{"name":"wp","href":"https:\/\/api.w.org\/{rel}","templated":true}]}}