{"id":162539,"date":"2014-08-01T15:20:17","date_gmt":"2014-08-01T15:20:17","guid":{"rendered":"http:\/\/diariodominicano.ddns.net\/?p=162539"},"modified":"2014-08-01T15:20:17","modified_gmt":"2014-08-01T15:20:17","slug":"prd-propondra-a-dm-corregir-reglamento-ley-naturalizacion","status":"publish","type":"post","link":"https:\/\/diariodominicano.com\/?p=162539","title":{"rendered":"PRD propondr\u00e1 a DM \u00abcorregir\u00bb reglamento Ley Naturalizaci\u00f3n"},"content":{"rendered":"<p><body><\/p>\n<p><img decoding=\"async\" src=\"img3\/miguelete 1.jpg\" \/>  <\/p>\n<p>Santo Domingo RD 1 agosto.- El presidente del Partido Revolucionario Dominicano (PRD), Miguel Vargas, escribi\u00f3 una carta al mandatario Danilo Medina, en la que le formula propuestas para corregir \u00aberrores y contradicciones\u00bb que considera tiene el reglamento de aplicaci\u00f3n de la Ley de Naturalizaci\u00f3n y regulaci\u00f3n de los extranjeros.<\/p>\n<\/p>\n<p>Seg\u00fan informaron fuentes oficiales, la carta del l\u00edder de la primera fuerza opositora, reconoce aspectos positivos contenidos en el reglamento y saluda el esfuerzo del presidente Medina para lograr un consenso con todos los sectores de la sociedad y buscar una salida al drama humanitario que sufren miles de personas.<\/p>\n<\/p>\n<p>Sin embargo, las mismas fuentes se\u00f1alaron que en la misiva Vargas expone observaciones y reparos al reglamento para la aplicaci\u00f3n de la ley de naturalizaci\u00f3n y regulaci\u00f3n de los extranjeros en el pa\u00eds, seg\u00fan informaron fuentes oficiales.<\/p>\n<\/p>\n<p>La misiva ser\u00e1 entregada el pr\u00f3ximo lunes, 4 de agosto, en el Palacio Nacional, al ministro de la Presidencia, Gustavo Montalvo, y al consultor jur\u00eddico del Ejecutivo, C\u00e9sar Pina.<\/p>\n<\/p>\n<p>Consultado sobre el contenido de la carta, Vargas dijo que \u00abpor razones de \u00e9tica, respeto y delicadeza no puede dar a conocer el contenido de la misma hasta que el presidente Medina la reciba\u00bb.<\/p>\n<\/p>\n<p>No obstante, se\u00f1al\u00f3 que \u00abla Rep\u00fablica Dominicana es un pa\u00eds libre e independiente y ninguna personalidad, organismo internacional o Estado, tienen derecho a trazarnos pautas de c\u00f3mo resolver nuestros problemas de migraci\u00f3n y nacionalidad, ya que son temas que nos competen exclusivamente a los dominicanos\u00bb.<\/p>\n<\/p>\n<p>Miguel Vargas ha mantenido una posici\u00f3n \u00abfirme e invariable\u00bb de defensa a la soberan\u00eda nacional ante \u00abpresiones de naciones y organismos extranjeros\u00bb, dijo la organizaci\u00f3n.<\/p>\n<\/p>\n<p>El PRD dijo en un comunicado que desde la pasada semana, el presidente de los socialdem\u00f3cratas ha sostenido encuentros y consultas con representantes de instituciones de la sociedad civil, abogados constitucionalistas y expertos en materia de migraci\u00f3n, analizando el reglamento sobre la ley.<\/p>\n<h6> 2014-08-01 15:20:17 <\/h6>\n<p><!--\n<link rel=\"stylesheet\" href=\"css\/bootstrap.min.css\">\n\n\n<ul class=\"pagination\">\n\t    \n\t\n\n<li >\n\t<a href='?page_no=14934'>Previous<\/a>\n\t<\/li>\n\n\n       \n    \n\n<li><a href='?page_no=1'>1<\/a><\/li>\n\n\n\n<li><a href='?page_no=2'>2<\/a><\/li>\n\n\n\n<li><a>...<\/a><\/li>\n\n\n\n<li><a href='?page_no=14933'>14933<\/a><\/li>\n\n\n\n<li><a href='?page_no=14934'>14934<\/a><\/li>\n\n\n\n<li class='active'><a>14935<\/a><\/li>\n\n\n\n<li><a href='?page_no=14936'>14936<\/a><\/li>\n\n\n\n<li><a href='?page_no=14937'>14937<\/a><\/li>\n\n\n\n<li><a>...<\/a><\/li>\n\n\n\n<li><a href='?page_no=36999'>36999<\/a><\/li>\n\n\n\n<li><a href='?page_no=37000'>37000<\/a><\/li>\n\n    \n\t\n\n<li >\n\t<a href='?page_no=14936'>Next<\/a>\n\t<\/li>\n\n\n    \n\n<li><a href='?page_no=37000'>Last &rsaquo;&rsaquo;<\/a><\/li>\n\n<\/ul>\n\n\n--><br \/>\n<\/body><\/p>\n","protected":false},"excerpt":{"rendered":"<p>Santo Domingo RD 1 agosto.- El presidente del Partido Revolucionario Dominicano (PRD), Miguel Vargas, escribi\u00f3 una carta al mandatario Danilo Medina, en la que le formula propuestas para corregir \u00aberrores y contradicciones\u00bb que considera tiene el reglamento de aplicaci\u00f3n de la Ley de Naturalizaci\u00f3n y regulaci\u00f3n de los extranjeros. Seg\u00fan informaron fuentes oficiales, la carta [&hellip;]<\/p>\n","protected":false},"author":3,"featured_media":0,"comment_status":"open","ping_status":"open","sticky":false,"template":"","format":"standard","meta":{"footnotes":""},"categories":[22],"tags":[],"class_list":["post-162539","post","type-post","status-publish","format-standard","hentry","category-politica"],"_links":{"self":[{"href":"https:\/\/diariodominicano.com\/index.php?rest_route=\/wp\/v2\/posts\/162539","targetHints":{"allow":["GET"]}}],"collection":[{"href":"https:\/\/diariodominicano.com\/index.php?rest_route=\/wp\/v2\/posts"}],"about":[{"href":"https:\/\/diariodominicano.com\/index.php?rest_route=\/wp\/v2\/types\/post"}],"author":[{"embeddable":true,"href":"https:\/\/diariodominicano.com\/index.php?rest_route=\/wp\/v2\/users\/3"}],"replies":[{"embeddable":true,"href":"https:\/\/diariodominicano.com\/index.php?rest_route=%2Fwp%2Fv2%2Fcomments&post=162539"}],"version-history":[{"count":0,"href":"https:\/\/diariodominicano.com\/index.php?rest_route=\/wp\/v2\/posts\/162539\/revisions"}],"wp:attachment":[{"href":"https:\/\/diariodominicano.com\/index.php?rest_route=%2Fwp%2Fv2%2Fmedia&parent=162539"}],"wp:term":[{"taxonomy":"category","embeddable":true,"href":"https:\/\/diariodominicano.com\/index.php?rest_route=%2Fwp%2Fv2%2Fcategories&post=162539"},{"taxonomy":"post_tag","embeddable":true,"href":"https:\/\/diariodominicano.com\/index.php?rest_route=%2Fwp%2Fv2%2Ftags&post=162539"}],"curies":[{"name":"wp","href":"https:\/\/api.w.org\/{rel}","templated":true}]}}