{"id":162537,"date":"2014-08-01T17:20:42","date_gmt":"2014-08-01T17:20:42","guid":{"rendered":"http:\/\/diariodominicano.ddns.net\/?p=162537"},"modified":"2014-08-01T17:20:42","modified_gmt":"2014-08-01T17:20:42","slug":"comite-politico-recibira-tambien-informes-de-las-comisiones-designadas-en-mas-reciente-reunion","status":"publish","type":"post","link":"https:\/\/diariodominicano.com\/?p=162537","title":{"rendered":"Comit\u00e9 Pol\u00edtico recibir\u00e1 tambi\u00e9n informes de las comisiones designadas en m\u00e1s reciente reuni\u00f3n."},"content":{"rendered":"<p><body><\/p>\n<p><img decoding=\"async\" src=\"img3\/oficina 1.jpg\" \/><br \/><img decoding=\"async\" src=\"img3\/pared 1.jpg\" \/>  <\/p>\n<p>Santo Domingo RD 1 agosto.- Reinaldo Pared P\u00e9rez, secretario general del Partido de la Liberaci\u00f3n Dominicana (PLD),  confirm\u00f3 que el pr\u00f3ximo lunes se reunir\u00e1 el Comit\u00e9 Pol\u00edtico de la organizaci\u00f3n, para entre otros temas, conocer de las propuestas para conformar los bufetes directivos de la C\u00e1mara de Diputados y el Senado de la Rep\u00fablica.<\/p>\n<\/p>\n<p>\u00abHemos recibido las instrucciones del compa\u00f1ero Leonel Fern\u00e1ndez, presidente del Partido, para convocar a los miembros del Comit\u00e9 Pol\u00edtico a una reuni\u00f3n el pr\u00f3ximo lunes, 4 de agosto a las ocho de la noche en la Oficina Presidencial\u00bb refiri\u00f3 Pared P\u00e9rez a los periodistas de Santiago de los Caballeros, quienes le abordaron en un visita girada a la Universidad ISA de esa ciudad.<\/p>\n<\/p>\n<p>Pared P\u00e9rez acudi\u00f3 al centro acad\u00e9mico en su condici\u00f3n de Presidente del Senado de la Rep\u00fablica para entregar a la universidad un reconocimiento por sus aportes realizados por la c\u00e1mara alta a solicitud del senador  de la provincia Am\u00edlcar Romero, presente en el acto.<\/p>\n<\/p>\n<p>La convocatoria es para las ocho de la noche y dentro de los temas a tratar est\u00e1 el relativo a la elecci\u00f3n de los bufetes directivos en el Congreso Nacional.<\/p>\n<\/p>\n<p>Es una facultad estatutaria del Comit\u00e9 Pol\u00edtico del PLD dirigir la pol\u00edtica a seguir por sus congresistas, lo que explica que sea el organismo que realice la recomendaci\u00f3n de los integrantes de los bufetes directivos de ambas c\u00e1maras.<\/p>\n<\/p>\n<p>En las anteriores recomendaciones se han presentados las propuestas para  la Presidencia y vicepresidencia y se deja la elecci\u00f3n de los secretarios o secretarias para que los congresistas los elijan, as\u00ed como el vocero de la bancada peledeista para el periodo correspondiente.<\/p>\n<\/p>\n<p>En su m\u00e1s reciente reuni\u00f3n el Comit\u00e9 Pol\u00edtico design\u00f3 siete comisiones para redactar las normativas y reglamentos para aplicar las diferentes resoluciones del VIII Congreso Ordinario Comandante Norge Botello, comisiones que han concluido sus encomiendas y se disponen a presentar sus informes al Comit\u00e9 Pol\u00edtico en la reuni\u00f3n ordinaria del pr\u00f3ximo lunes.<\/p>\n<\/p>\n<h6> 2014-08-01 17:20:42 <\/h6>\n<p><!--\n<link rel=\"stylesheet\" href=\"css\/bootstrap.min.css\">\n\n\n<ul class=\"pagination\">\n\t    \n\t\n\n<li >\n\t<a href='?page_no=14932'>Previous<\/a>\n\t<\/li>\n\n\n       \n    \n\n<li><a href='?page_no=1'>1<\/a><\/li>\n\n\n\n<li><a href='?page_no=2'>2<\/a><\/li>\n\n\n\n<li><a>...<\/a><\/li>\n\n\n\n<li><a href='?page_no=14931'>14931<\/a><\/li>\n\n\n\n<li><a href='?page_no=14932'>14932<\/a><\/li>\n\n\n\n<li class='active'><a>14933<\/a><\/li>\n\n\n\n<li><a href='?page_no=14934'>14934<\/a><\/li>\n\n\n\n<li><a href='?page_no=14935'>14935<\/a><\/li>\n\n\n\n<li><a>...<\/a><\/li>\n\n\n\n<li><a href='?page_no=36999'>36999<\/a><\/li>\n\n\n\n<li><a href='?page_no=37000'>37000<\/a><\/li>\n\n    \n\t\n\n<li >\n\t<a href='?page_no=14934'>Next<\/a>\n\t<\/li>\n\n\n    \n\n<li><a href='?page_no=37000'>Last &rsaquo;&rsaquo;<\/a><\/li>\n\n<\/ul>\n\n\n--><br \/>\n<\/body><\/p>\n","protected":false},"excerpt":{"rendered":"<p>Santo Domingo RD 1 agosto.- Reinaldo Pared P\u00e9rez, secretario general del Partido de la Liberaci\u00f3n Dominicana (PLD), confirm\u00f3 que el pr\u00f3ximo lunes se reunir\u00e1 el Comit\u00e9 Pol\u00edtico de la organizaci\u00f3n, para entre otros temas, conocer de las propuestas para conformar los bufetes directivos de la C\u00e1mara de Diputados y el Senado de la Rep\u00fablica. \u00abHemos [&hellip;]<\/p>\n","protected":false},"author":3,"featured_media":0,"comment_status":"open","ping_status":"open","sticky":false,"template":"","format":"standard","meta":{"footnotes":""},"categories":[22],"tags":[],"class_list":["post-162537","post","type-post","status-publish","format-standard","hentry","category-politica"],"_links":{"self":[{"href":"https:\/\/diariodominicano.com\/index.php?rest_route=\/wp\/v2\/posts\/162537","targetHints":{"allow":["GET"]}}],"collection":[{"href":"https:\/\/diariodominicano.com\/index.php?rest_route=\/wp\/v2\/posts"}],"about":[{"href":"https:\/\/diariodominicano.com\/index.php?rest_route=\/wp\/v2\/types\/post"}],"author":[{"embeddable":true,"href":"https:\/\/diariodominicano.com\/index.php?rest_route=\/wp\/v2\/users\/3"}],"replies":[{"embeddable":true,"href":"https:\/\/diariodominicano.com\/index.php?rest_route=%2Fwp%2Fv2%2Fcomments&post=162537"}],"version-history":[{"count":0,"href":"https:\/\/diariodominicano.com\/index.php?rest_route=\/wp\/v2\/posts\/162537\/revisions"}],"wp:attachment":[{"href":"https:\/\/diariodominicano.com\/index.php?rest_route=%2Fwp%2Fv2%2Fmedia&parent=162537"}],"wp:term":[{"taxonomy":"category","embeddable":true,"href":"https:\/\/diariodominicano.com\/index.php?rest_route=%2Fwp%2Fv2%2Fcategories&post=162537"},{"taxonomy":"post_tag","embeddable":true,"href":"https:\/\/diariodominicano.com\/index.php?rest_route=%2Fwp%2Fv2%2Ftags&post=162537"}],"curies":[{"name":"wp","href":"https:\/\/api.w.org\/{rel}","templated":true}]}}